{"id":23083,"date":"2018-09-10T13:42:42","date_gmt":"2018-09-10T16:42:42","guid":{"rendered":"https:\/\/ligamercedina.com\/web\/?p=23083"},"modified":"2018-09-10T13:42:42","modified_gmt":"2018-09-10T16:42:42","slug":"futbol-femenino-arranco-el-clausura-2","status":"publish","type":"post","link":"https:\/\/ligamercedina.com\/web\/futbol-femenino-arranco-el-clausura-2\/","title":{"rendered":"FUTBOL FEMENINO: ARRANCO EL CLAUSURA"},"content":{"rendered":"<p><a href=\"https:\/\/ligamercedina.com\/web\/wp-content\/uploads\/2018\/09\/independiente.jpeg\"><img loading=\"lazy\" decoding=\"async\" src=\"https:\/\/ligamercedina.com\/web\/wp-content\/uploads\/2018\/09\/independiente-1024x768.jpeg\" alt=\"\" width=\"860\" height=\"645\" class=\"aligncenter size-large wp-image-23084\" srcset=\"https:\/\/ligamercedina.com\/web\/wp-content\/uploads\/2018\/09\/independiente-1024x768.jpeg 1024w, https:\/\/ligamercedina.com\/web\/wp-content\/uploads\/2018\/09\/independiente-300x225.jpeg 300w, https:\/\/ligamercedina.com\/web\/wp-content\/uploads\/2018\/09\/independiente-768x576.jpeg 768w, https:\/\/ligamercedina.com\/web\/wp-content\/uploads\/2018\/09\/independiente.jpeg 1280w\" sizes=\"auto, (max-width: 860px) 100vw, 860px\" \/><\/a>Independiente de Capit\u00e1n Sarmiento debut\u00f3 en los torneos de la Liga con Sub 16<\/p>\n<p><a href=\"https:\/\/ligamercedina.com\/web\/wp-content\/uploads\/2018\/09\/AMEFIP.jpg\"><img loading=\"lazy\" decoding=\"async\" src=\"https:\/\/ligamercedina.com\/web\/wp-content\/uploads\/2018\/09\/AMEFIP-1024x643.jpg\" alt=\"\" width=\"860\" height=\"540\" class=\"aligncenter size-large wp-image-23085\" srcset=\"https:\/\/ligamercedina.com\/web\/wp-content\/uploads\/2018\/09\/AMEFIP.jpg 1024w, https:\/\/ligamercedina.com\/web\/wp-content\/uploads\/2018\/09\/AMEFIP-300x188.jpg 300w, https:\/\/ligamercedina.com\/web\/wp-content\/uploads\/2018\/09\/AMEFIP-768x482.jpg 768w\" sizes=\"auto, (max-width: 860px) 100vw, 860px\" \/><\/a>AMEFIP-Barrio San Mart\u00edn present\u00f3 Primera Divisi\u00f3n. Nuevo equipo para el certamen mayor.<\/p>\n<blockquote><p><strong>Resultados Primera Divisi\u00f3n<\/strong><\/p><\/blockquote>\n<p><strong>COMUNICACIONES: -0-<br \/>\nESTUDIANTES: -1-;<\/strong> Paola Barraza<\/p>\n<p><strong>EL FRONTON: -5-;<\/strong> Agustina Cejas, Lorena Cepeda, Victoria Funes (2), Tamara Guillet<br \/>\n<strong>UNION: -1-;<\/strong> Ver\u00f3nica Gonz\u00e1lez<\/p>\n<p><strong>MERCEDES: -2-;<\/strong> Agustina Zunino (2)<br \/>\n<strong>ALFA: -1-;<\/strong> Evelin Villegas<\/p>\n<p><strong>VELEZ SARSFIELD: -3-;<\/strong> Florencia Lucero, Magdalena Ruiz, Milagros Leyes<br \/>\n<strong>AMEFIP-SAN MARTIN: -0-<\/strong><\/p>\n<p><em><strong>Pr\u00f3xima fecha: 2\u00aa <\/strong><\/em><br \/>\nComunicaciones Vs. Alfa<br \/>\nMercedes Vs.\tEl Front\u00f3n<br \/>\nUni\u00f3n Vs. AMEFIP<br \/>\nV\u00e9lez Vs. Envi\u00f3n<br \/>\n<strong>Libre:<\/strong>\tEstudiantes<\/p>\n<blockquote><p><strong>Resultados de Sub 16<\/strong><\/p><\/blockquote>\n<p><strong>ALFA: -0-<br \/>\nDEFENSORES: -0-<\/strong><\/p>\n<p><strong>INDEPENDIENTE (CAP. SAMIENTO) : -1-;<\/strong> Sof\u00eda Sarubba<br \/>\n<strong>ESTUDIANTES: -1-;<\/strong> Anna Minetti<\/p>\n<p><strong>VELEZ SARSFIELD: -3-;<\/strong> Ludmila Climi\u00f1o, Jenifer Duberti, Milagros Leyes<br \/>\n<strong>COMUNICACIONES: -0-<\/strong><\/p>\n<p><em><strong>Pr\u00f3xima Fecha: 2\u00aa <\/strong><\/em><br \/>\nV\u00e9lez Vs. Alfa<br \/>\nEstudiantes Vs. Defensores<br \/>\nComunicaciones Vs. Independiente<\/p>\n<blockquote><p><strong>Resultados de Sub 12<\/strong><\/p><\/blockquote>\n<p><strong>VELEZ: -0-<br \/>\nCOMUNICACIONES: -0-<\/strong><\/p>\n<p><strong>ALFA: -2-;<\/strong> Clara Cerdeiro, Priscila Garc\u00eda<br \/>\n<strong>ESTUDIANTES: -0-<\/strong><\/p>\n<p><em><strong>Pr\u00f3xima fecha: 2\u00aa<\/strong><\/em><br \/>\nComunicaciones Vs. Alfa<br \/>\nEstudiantes Vs. V\u00e9lez<\/p>\n","protected":false},"excerpt":{"rendered":"<p>Independiente de Capit\u00e1n Sarmiento debut\u00f3 en los torneos de la Liga con Sub 16 AMEFIP-Barrio San Mart\u00edn present\u00f3 Primera Divisi\u00f3n. Nuevo equipo para el certamen mayor. Resultados Primera Divisi\u00f3n COMUNICACIONES: -0- ESTUDIANTES: -1-; Paola Barraza EL FRONTON: -5-; Agustina Cejas, Lorena Cepeda, Victoria Funes (2), Tamara Guillet UNION: -1-; Ver\u00f3nica Gonz\u00e1lez MERCEDES: -2-; Agustina Zunino (2) ALFA: -1-; Evelin Villegas<\/p>\n","protected":false},"author":2,"featured_media":0,"comment_status":"open","ping_status":"open","sticky":false,"template":"","format":"standard","meta":{"footnotes":""},"categories":[4],"tags":[],"class_list":["post-23083","post","type-post","status-publish","format-standard","hentry","category-informaciongeneral"],"_links":{"self":[{"href":"https:\/\/ligamercedina.com\/web\/wp-json\/wp\/v2\/posts\/23083","targetHints":{"allow":["GET"]}}],"collection":[{"href":"https:\/\/ligamercedina.com\/web\/wp-json\/wp\/v2\/posts"}],"about":[{"href":"https:\/\/ligamercedina.com\/web\/wp-json\/wp\/v2\/types\/post"}],"author":[{"embeddable":true,"href":"https:\/\/ligamercedina.com\/web\/wp-json\/wp\/v2\/users\/2"}],"replies":[{"embeddable":true,"href":"https:\/\/ligamercedina.com\/web\/wp-json\/wp\/v2\/comments?post=23083"}],"version-history":[{"count":1,"href":"https:\/\/ligamercedina.com\/web\/wp-json\/wp\/v2\/posts\/23083\/revisions"}],"predecessor-version":[{"id":23086,"href":"https:\/\/ligamercedina.com\/web\/wp-json\/wp\/v2\/posts\/23083\/revisions\/23086"}],"wp:attachment":[{"href":"https:\/\/ligamercedina.com\/web\/wp-json\/wp\/v2\/media?parent=23083"}],"wp:term":[{"taxonomy":"category","embeddable":true,"href":"https:\/\/ligamercedina.com\/web\/wp-json\/wp\/v2\/categories?post=23083"},{"taxonomy":"post_tag","embeddable":true,"href":"https:\/\/ligamercedina.com\/web\/wp-json\/wp\/v2\/tags?post=23083"}],"curies":[{"name":"wp","href":"https:\/\/api.w.org\/{rel}","templated":true}]}}