{"id":23081,"date":"2018-09-09T20:46:08","date_gmt":"2018-09-09T23:46:08","guid":{"rendered":"https:\/\/ligamercedina.com\/web\/?p=23081"},"modified":"2018-09-09T20:46:08","modified_gmt":"2018-09-09T23:46:08","slug":"primera-division-asi-se-jugaran-las-semifinales-2","status":"publish","type":"post","link":"https:\/\/ligamercedina.com\/web\/primera-division-asi-se-jugaran-las-semifinales-2\/","title":{"rendered":"PRIMERA DIVISION: ASI SE JUGARAN LAS SEMIFINALES"},"content":{"rendered":"<p><em><strong>Mi\u00e9rcoles 12 de septiembre, cancha El Front\u00f3n<\/strong><\/em><br \/>\n21:00 hs. El Front\u00f3n Vs. Trocha<\/p>\n<p><strong>Mi\u00e9rcoles 12 de septiembre, cancha Liga<\/strong><em><br \/>\n21:00 hs. Mercedes Vs. Juventud<\/p>\n<p><strong>LAS FINALES SE JUGARAN SABADO O DOMINGO DE LA SEMANA PROXIMA Y LA REVANCHA EL MIERCOLES 19.<br \/>\nEN LA REUNION DE ESTE LUNES HABRA MAS DEFINICIONES.<\/strong><\/p>\n","protected":false},"excerpt":{"rendered":"<p>Mi\u00e9rcoles 12 de septiembre, cancha El Front\u00f3n 21:00 hs. El Front\u00f3n Vs. Trocha Mi\u00e9rcoles 12 de septiembre, cancha Liga 21:00 hs. Mercedes Vs. Juventud LAS FINALES SE JUGARAN SABADO O DOMINGO DE LA SEMANA PROXIMA Y LA REVANCHA EL MIERCOLES 19. EN LA REUNION DE ESTE LUNES HABRA MAS DEFINICIONES.<\/p>\n","protected":false},"author":2,"featured_media":0,"comment_status":"open","ping_status":"open","sticky":false,"template":"","format":"standard","meta":{"footnotes":""},"categories":[4],"tags":[],"class_list":["post-23081","post","type-post","status-publish","format-standard","hentry","category-informaciongeneral"],"_links":{"self":[{"href":"https:\/\/ligamercedina.com\/web\/wp-json\/wp\/v2\/posts\/23081","targetHints":{"allow":["GET"]}}],"collection":[{"href":"https:\/\/ligamercedina.com\/web\/wp-json\/wp\/v2\/posts"}],"about":[{"href":"https:\/\/ligamercedina.com\/web\/wp-json\/wp\/v2\/types\/post"}],"author":[{"embeddable":true,"href":"https:\/\/ligamercedina.com\/web\/wp-json\/wp\/v2\/users\/2"}],"replies":[{"embeddable":true,"href":"https:\/\/ligamercedina.com\/web\/wp-json\/wp\/v2\/comments?post=23081"}],"version-history":[{"count":1,"href":"https:\/\/ligamercedina.com\/web\/wp-json\/wp\/v2\/posts\/23081\/revisions"}],"predecessor-version":[{"id":23082,"href":"https:\/\/ligamercedina.com\/web\/wp-json\/wp\/v2\/posts\/23081\/revisions\/23082"}],"wp:attachment":[{"href":"https:\/\/ligamercedina.com\/web\/wp-json\/wp\/v2\/media?parent=23081"}],"wp:term":[{"taxonomy":"category","embeddable":true,"href":"https:\/\/ligamercedina.com\/web\/wp-json\/wp\/v2\/categories?post=23081"},{"taxonomy":"post_tag","embeddable":true,"href":"https:\/\/ligamercedina.com\/web\/wp-json\/wp\/v2\/tags?post=23081"}],"curies":[{"name":"wp","href":"https:\/\/api.w.org\/{rel}","templated":true}]}}