{"id":23034,"date":"2018-09-03T09:27:51","date_gmt":"2018-09-03T12:27:51","guid":{"rendered":"https:\/\/ligamercedina.com\/web\/?p=23034"},"modified":"2018-09-03T09:32:28","modified_gmt":"2018-09-03T12:32:28","slug":"reserva-horarios-para-postergados","status":"publish","type":"post","link":"https:\/\/ligamercedina.com\/web\/reserva-horarios-para-postergados\/","title":{"rendered":"RESERVA: HORARIOS PARA POSTERGADOS"},"content":{"rendered":"<p><em><strong>Jueves 6 de septiembre, cancha Liga Mercedina<\/strong><\/em><br \/>\n19:30 hs. Quilmes Vs. V\u00e9lez<\/p>\n<p><em><strong>Jueves 6 septiembre, cancha El Front\u00f3n<\/strong><\/em><br \/>\n19:30 hs. El Front\u00f3n Vs. AMEFIP<\/p>\n<p><strong>Terminados estos partidos se diagramar\u00e1n los cruces para el inicio del reducido, que comenzar\u00e1n el pr\u00f3ximo fin de semana (domingo).<br \/>\nEn Zona \u00abA\u00bb los clasificados en orden son:<br \/>\nAtl\u00e9tico Marcos Paz<br \/>\nPabell\u00f3n Argentino<br \/>\nHolanda<br \/>\nMercedes<\/p>\n<p>En Zona \u00abB\u00bb<br \/>\nQuilmes &#8211; AMEFIP definen primer y segundo puesto<br \/>\nEl Front\u00f3n y V\u00e9lez definen tercer y cuarto lugar.<\/strong><\/p>\n","protected":false},"excerpt":{"rendered":"<p>Jueves 6 de septiembre, cancha Liga Mercedina 19:30 hs. Quilmes Vs. V\u00e9lez Jueves 6 septiembre, cancha El Front\u00f3n 19:30 hs. El Front\u00f3n Vs. AMEFIP Terminados estos partidos se diagramar\u00e1n los cruces para el inicio del reducido, que comenzar\u00e1n el pr\u00f3ximo fin de semana (domingo). En Zona \u00abA\u00bb los clasificados en orden son: Atl\u00e9tico Marcos Paz Pabell\u00f3n Argentino Holanda Mercedes En<\/p>\n","protected":false},"author":2,"featured_media":0,"comment_status":"open","ping_status":"open","sticky":false,"template":"","format":"standard","meta":{"footnotes":""},"categories":[4],"tags":[],"class_list":["post-23034","post","type-post","status-publish","format-standard","hentry","category-informaciongeneral"],"_links":{"self":[{"href":"https:\/\/ligamercedina.com\/web\/wp-json\/wp\/v2\/posts\/23034","targetHints":{"allow":["GET"]}}],"collection":[{"href":"https:\/\/ligamercedina.com\/web\/wp-json\/wp\/v2\/posts"}],"about":[{"href":"https:\/\/ligamercedina.com\/web\/wp-json\/wp\/v2\/types\/post"}],"author":[{"embeddable":true,"href":"https:\/\/ligamercedina.com\/web\/wp-json\/wp\/v2\/users\/2"}],"replies":[{"embeddable":true,"href":"https:\/\/ligamercedina.com\/web\/wp-json\/wp\/v2\/comments?post=23034"}],"version-history":[{"count":3,"href":"https:\/\/ligamercedina.com\/web\/wp-json\/wp\/v2\/posts\/23034\/revisions"}],"predecessor-version":[{"id":23037,"href":"https:\/\/ligamercedina.com\/web\/wp-json\/wp\/v2\/posts\/23034\/revisions\/23037"}],"wp:attachment":[{"href":"https:\/\/ligamercedina.com\/web\/wp-json\/wp\/v2\/media?parent=23034"}],"wp:term":[{"taxonomy":"category","embeddable":true,"href":"https:\/\/ligamercedina.com\/web\/wp-json\/wp\/v2\/categories?post=23034"},{"taxonomy":"post_tag","embeddable":true,"href":"https:\/\/ligamercedina.com\/web\/wp-json\/wp\/v2\/tags?post=23034"}],"curies":[{"name":"wp","href":"https:\/\/api.w.org\/{rel}","templated":true}]}}