{"id":23014,"date":"2018-09-01T23:30:46","date_gmt":"2018-09-02T02:30:46","guid":{"rendered":"https:\/\/ligamercedina.com\/web\/?p=23014"},"modified":"2018-09-01T23:30:46","modified_gmt":"2018-09-02T02:30:46","slug":"primera-division-primer-cruce-confirmado-para-el-martes","status":"publish","type":"post","link":"https:\/\/ligamercedina.com\/web\/primera-division-primer-cruce-confirmado-para-el-martes\/","title":{"rendered":"PRIMERA DIVISION: PRIMER CRUCE CONFIRMADO PARA EL MARTES"},"content":{"rendered":"<blockquote><p><strong>Teniendo en cuenta los resultados del d\u00eda s\u00e1bado surge que AMEFIP &#8211; Atl\u00e9tico Marcos ser\u00e1 uno de los cruces para el inicio del Reducido.<br \/>\nDicho encuentro tiene programaci\u00f3n para el martes a las 20:30 horas en cancha de la Liga Mercedina, donde el equipo de AMEFIP contar\u00e1 con ventaja deportiva en caso de empate.<\/strong><\/p><\/blockquote>\n","protected":false},"excerpt":{"rendered":"<p>Teniendo en cuenta los resultados del d\u00eda s\u00e1bado surge que AMEFIP &#8211; Atl\u00e9tico Marcos ser\u00e1 uno de los cruces para el inicio del Reducido. Dicho encuentro tiene programaci\u00f3n para el martes a las 20:30 horas en cancha de la Liga Mercedina, donde el equipo de AMEFIP contar\u00e1 con ventaja deportiva en caso de empate.<\/p>\n","protected":false},"author":2,"featured_media":0,"comment_status":"open","ping_status":"open","sticky":false,"template":"","format":"standard","meta":{"footnotes":""},"categories":[4],"tags":[],"class_list":["post-23014","post","type-post","status-publish","format-standard","hentry","category-informaciongeneral"],"_links":{"self":[{"href":"https:\/\/ligamercedina.com\/web\/wp-json\/wp\/v2\/posts\/23014","targetHints":{"allow":["GET"]}}],"collection":[{"href":"https:\/\/ligamercedina.com\/web\/wp-json\/wp\/v2\/posts"}],"about":[{"href":"https:\/\/ligamercedina.com\/web\/wp-json\/wp\/v2\/types\/post"}],"author":[{"embeddable":true,"href":"https:\/\/ligamercedina.com\/web\/wp-json\/wp\/v2\/users\/2"}],"replies":[{"embeddable":true,"href":"https:\/\/ligamercedina.com\/web\/wp-json\/wp\/v2\/comments?post=23014"}],"version-history":[{"count":1,"href":"https:\/\/ligamercedina.com\/web\/wp-json\/wp\/v2\/posts\/23014\/revisions"}],"predecessor-version":[{"id":23015,"href":"https:\/\/ligamercedina.com\/web\/wp-json\/wp\/v2\/posts\/23014\/revisions\/23015"}],"wp:attachment":[{"href":"https:\/\/ligamercedina.com\/web\/wp-json\/wp\/v2\/media?parent=23014"}],"wp:term":[{"taxonomy":"category","embeddable":true,"href":"https:\/\/ligamercedina.com\/web\/wp-json\/wp\/v2\/categories?post=23014"},{"taxonomy":"post_tag","embeddable":true,"href":"https:\/\/ligamercedina.com\/web\/wp-json\/wp\/v2\/tags?post=23014"}],"curies":[{"name":"wp","href":"https:\/\/api.w.org\/{rel}","templated":true}]}}