{"id":23009,"date":"2018-09-01T09:47:33","date_gmt":"2018-09-01T12:47:33","guid":{"rendered":"https:\/\/ligamercedina.com\/web\/?p=23009"},"modified":"2018-09-01T09:47:33","modified_gmt":"2018-09-01T12:47:33","slug":"tribunal-de-disciplina-fallo-20-5","status":"publish","type":"post","link":"https:\/\/ligamercedina.com\/web\/tribunal-de-disciplina-fallo-20-5\/","title":{"rendered":"TRIBUNAL DE DISCIPLINA: FALLO 20"},"content":{"rendered":"<p>HONORABLE TRIBUNAL DE PENAS<br \/>\nFALLO N\u00ba 20\/2018<br \/>\n29\/08\/2018<br \/>\nMiembros actuantes: Mat\u00edas Horacio Marchesini- Presidente, Juan Bidone \u2013 Vicepresidente y  Cristian G\u00f3mez  \u2013 Vocal-<\/p>\n<p>1) SUSPENDIDOS<br \/>\nBECERRA DANIEL (Pe\u00f1a Xeneize) -Primera- 1 Partido (art. 207)<br \/>\nFRANCO MAINERI (Pe\u00f1a Xeneize) -Primera- 1 Partido (art. 207)<br \/>\nALVAREZ GERMAN\t(DT Col\u00f3n) -Primera- 2 Partidos (186 Y 260)<br \/>\nGONZALEZ DAMIAN (Col\u00f3n) -Primera- 3 Partidos (art. 200 a 1)<br \/>\nLAGRECA JUAN (El Tim\u00f3n) -Primera- 2 Partidos (art. 186)<br \/>\nTORRES FRANCO (Comunicaciones) -Primera- 2 Partidos (art.207)<br \/>\nBIDONE BAUTISTA (Mercedes) -Primera- 1 Partido (art. 207)<br \/>\nFONTANA, LUCAS (Estudiantes) -Reserva-  2 Partidos (art. 186)<br \/>\nRAMIREZ AGUSTIN (AMEFIP)-Primera- 1 Partido (art. 207)<br \/>\nLUCERO PEDRO (DT AMEFIP) -Reserva- 4 Partidos (art. 186, 200 a 11 Y 260)<br \/>\nDIAZ LUCAS (Quilmes) -Categ. 2003-1 Partidos (art. 207)<br \/>\nALTIERI JEREMIAS -Categ. 2003- 1 Partido (art. 207)<br \/>\nSALAS ANTONIO (A. Marcos Paz) 2 Partidos (art. 185)<br \/>\nESNAOLA PATRICIO (Mercedes) -Categ. 2005- 1 Partido (art. 207)<br \/>\nGOMEZ RODRIGO (DT Juventud) -Categ. 2004- 2 Partidos (arts. 185 Y 260)<br \/>\nLALIANI FRANCO TOMAS (Estudiantes) Categ. 2004- 2 Partidos (art. 200 a 11)<br \/>\nLUCERO AGUSTIN (Estudiantes) -Categ. 2004- 1 Partido (art. 207)<br \/>\nROSAS NICOLAS (DT Estudiantes) -Categ. 2004- 1 Partido (art. 186 Y 260)<br \/>\nAGUERO, SILVIO (DT Defensores) 2 Partidos (186 Y 260)<\/p>\n<p>2) SUSPENSION POR ACUMULACION TARJETAS AMARILLAS \u2013 ART. 208 RTP y Reg. Gral. Del Torneo<br \/>\nVirto, Juan -Palometas- 2 Partidos<br \/>\nAtampi, Gonzalo\t-Quilmes-<br \/>\nNava, Nicol\u00e1s\t-Ateneo-<br \/>\nBertera, Davivd\t-Palometas-<br \/>\nOcampo, Juan Cruz\t-Front\u00f3n-<br \/>\nJurado, Enzo\t-V\u00e9lez-<br \/>\nFlaherty, Agust\u00edn\t-Ateneo-<br \/>\nCh\u00e1vez, Lucas\t-Holanda-<br \/>\nUviz, Mat\u00edas\t-Quilmes-<br \/>\nLoza, Nicol\u00e1s\t-Quilmes-<br \/>\nCalder\u00f3n, Angel\t-Estudiantes-<br \/>\nOlivera, Jorge\t-Holanda-<br \/>\nCorrea, Mat\u00edas\t-Juventud-<br \/>\nMessia, Juan\t-Juventud-<br \/>\nJuanicotena, Agust\u00edn\t-Mercedes-<br \/>\nMansilla, Nicol\u00e1s -Quilmes-<br \/>\nCabrera, Bruno\t-Holanda-<br \/>\nCulicigno, Manuel\t-Ateneo-<br \/>\nMedina, Jonathan\t-Ateneo-<br \/>\nFerrero, Leandro\t-Costa Brava-<br \/>\nEgu\u00eda, Nazareno\t-Atl\u00e9tico<br \/>\nCabral, Sebasti\u00e1n\t-Mercedes-<br \/>\nOliveira, Juli\u00e1n\t-Costa Brava-<br \/>\nL\u00f3pez, Luciano\t-Col\u00f3n-<br \/>\nMart\u00ednez, Jonathan\t-Col\u00f3n-<br \/>\nAlfonso Lautaro\t-Palometas-<br \/>\nPastor, Mart\u00edn\t-Palometas-<br \/>\nGonz\u00e1lez, Santiago\t-V\u00e9lez-\t\t\t<\/p>\n<p>3)<br \/>\nVISTO:<br \/>\n              El informe del \u00e1rbitro del partido entre el club juventud y el club Estudiantes, en la categor\u00eda 2004, disputado el 18\/08\/2018, donde informa que a los 23 minutos detiene el juego y hace expulsar del previo a un simpatizante del CLUB ESTUDIANTES, el se\u00f1or Carlos Dell Oro, por gritar a viva voz y de manera reiterada \u201ccobra\u2026.\u201d.. cuando se le comunica que debe retirarse sigui\u00f3 con sus protestas desaprobando nuestros fallos .-<br \/>\nPor todo ello, este tribunal RESUELVE:<br \/>\n1. Suspender CARLOS DELL ORO  del Club ESTUDIANTES por el termino de 15 d\u00edas. (Art. 32, 33, 185 y 241 del RTP).-<\/p>\n<p>NOTA: Este tribunal saluda y acompa\u00f1a en el dolor a los familiares de  JUAN CARLOS \u201cCANARIO\u201d BIAGGINI, quien falleci\u00f3 este domingo, jugador que brillara como uno de los delanteros m\u00e1s deslumbrante en varios clubes de esta Liga Mercedina y en otros clubes de distintas categor\u00edas del futbol argentino.-  <\/p>\n<p>Dr. Mat\u00edas Marchesini, Presidente<br \/>\nDr. Juan Ignacio Bidone, Vicepresidente<br \/>\nDr. Cristian G\u00f3mez, Vocal<\/p>\n","protected":false},"excerpt":{"rendered":"<p>HONORABLE TRIBUNAL DE PENAS FALLO N\u00ba 20\/2018 29\/08\/2018 Miembros actuantes: Mat\u00edas Horacio Marchesini- Presidente, Juan Bidone \u2013 Vicepresidente y Cristian G\u00f3mez \u2013 Vocal- 1) SUSPENDIDOS BECERRA DANIEL (Pe\u00f1a Xeneize) -Primera- 1 Partido (art. 207) FRANCO MAINERI (Pe\u00f1a Xeneize) -Primera- 1 Partido (art. 207) ALVAREZ GERMAN (DT Col\u00f3n) -Primera- 2 Partidos (186 Y 260) GONZALEZ DAMIAN (Col\u00f3n) -Primera- 3 Partidos (art.<\/p>\n","protected":false},"author":2,"featured_media":0,"comment_status":"open","ping_status":"open","sticky":false,"template":"","format":"standard","meta":{"footnotes":""},"categories":[4],"tags":[],"class_list":["post-23009","post","type-post","status-publish","format-standard","hentry","category-informaciongeneral"],"_links":{"self":[{"href":"https:\/\/ligamercedina.com\/web\/wp-json\/wp\/v2\/posts\/23009","targetHints":{"allow":["GET"]}}],"collection":[{"href":"https:\/\/ligamercedina.com\/web\/wp-json\/wp\/v2\/posts"}],"about":[{"href":"https:\/\/ligamercedina.com\/web\/wp-json\/wp\/v2\/types\/post"}],"author":[{"embeddable":true,"href":"https:\/\/ligamercedina.com\/web\/wp-json\/wp\/v2\/users\/2"}],"replies":[{"embeddable":true,"href":"https:\/\/ligamercedina.com\/web\/wp-json\/wp\/v2\/comments?post=23009"}],"version-history":[{"count":2,"href":"https:\/\/ligamercedina.com\/web\/wp-json\/wp\/v2\/posts\/23009\/revisions"}],"predecessor-version":[{"id":23011,"href":"https:\/\/ligamercedina.com\/web\/wp-json\/wp\/v2\/posts\/23009\/revisions\/23011"}],"wp:attachment":[{"href":"https:\/\/ligamercedina.com\/web\/wp-json\/wp\/v2\/media?parent=23009"}],"wp:term":[{"taxonomy":"category","embeddable":true,"href":"https:\/\/ligamercedina.com\/web\/wp-json\/wp\/v2\/categories?post=23009"},{"taxonomy":"post_tag","embeddable":true,"href":"https:\/\/ligamercedina.com\/web\/wp-json\/wp\/v2\/tags?post=23009"}],"curies":[{"name":"wp","href":"https:\/\/api.w.org\/{rel}","templated":true}]}}