{"id":23006,"date":"2018-08-31T21:36:06","date_gmt":"2018-09-01T00:36:06","guid":{"rendered":"https:\/\/ligamercedina.com\/web\/?p=23006"},"modified":"2018-08-31T21:37:27","modified_gmt":"2018-09-01T00:37:27","slug":"federacion-norte-el-fronton-jugara-el-torneo-sub-13","status":"publish","type":"post","link":"https:\/\/ligamercedina.com\/web\/federacion-norte-el-fronton-jugara-el-torneo-sub-13\/","title":{"rendered":"FEDERACION NORTE: EL FRONTON JUGARA EL TORNEO SUB 13"},"content":{"rendered":"<blockquote><p><strong>En la jornada de hoy venc\u00eda el plazo para la inscripci\u00f3n a participar del torneo de equipos en la categor\u00eda Sub 13, organizado por la Federaci\u00f3n Norte de F\u00fatbol.<br \/>\nEn representaci\u00f3n de la Liga Mercedina enviaron la intenci\u00f3n de participar los equipos de El Front\u00f3n de San Andr\u00e9s de Giles y Estudiantes. El Front\u00f3n tiene asegurada su participaci\u00f3n en el certamen a partir de contar con cancha habilitada y con iluminaci\u00f3n artificial.<br \/>\nEn el caso de Estudiantes, el hecho de no poder contar con una cancha con los requisitos correspondientes hace que no pueda habilitarse su participaci\u00f3n por el momento.<br \/>\nLa Federaci\u00f3n Norte decisi\u00f3n ampliar la posibilidad de inscripci\u00f3n hasta el pr\u00f3ximo martes, mientras que el torneo dar\u00eda comienzo a la brevedad.<\/strong> <\/p><\/blockquote>\n","protected":false},"excerpt":{"rendered":"<p>En la jornada de hoy venc\u00eda el plazo para la inscripci\u00f3n a participar del torneo de equipos en la categor\u00eda Sub 13, organizado por la Federaci\u00f3n Norte de F\u00fatbol. En representaci\u00f3n de la Liga Mercedina enviaron la intenci\u00f3n de participar los equipos de El Front\u00f3n de San Andr\u00e9s de Giles y Estudiantes. El Front\u00f3n tiene asegurada su participaci\u00f3n en el<\/p>\n","protected":false},"author":2,"featured_media":0,"comment_status":"open","ping_status":"open","sticky":false,"template":"","format":"standard","meta":{"footnotes":""},"categories":[4],"tags":[],"class_list":["post-23006","post","type-post","status-publish","format-standard","hentry","category-informaciongeneral"],"_links":{"self":[{"href":"https:\/\/ligamercedina.com\/web\/wp-json\/wp\/v2\/posts\/23006","targetHints":{"allow":["GET"]}}],"collection":[{"href":"https:\/\/ligamercedina.com\/web\/wp-json\/wp\/v2\/posts"}],"about":[{"href":"https:\/\/ligamercedina.com\/web\/wp-json\/wp\/v2\/types\/post"}],"author":[{"embeddable":true,"href":"https:\/\/ligamercedina.com\/web\/wp-json\/wp\/v2\/users\/2"}],"replies":[{"embeddable":true,"href":"https:\/\/ligamercedina.com\/web\/wp-json\/wp\/v2\/comments?post=23006"}],"version-history":[{"count":2,"href":"https:\/\/ligamercedina.com\/web\/wp-json\/wp\/v2\/posts\/23006\/revisions"}],"predecessor-version":[{"id":23008,"href":"https:\/\/ligamercedina.com\/web\/wp-json\/wp\/v2\/posts\/23006\/revisions\/23008"}],"wp:attachment":[{"href":"https:\/\/ligamercedina.com\/web\/wp-json\/wp\/v2\/media?parent=23006"}],"wp:term":[{"taxonomy":"category","embeddable":true,"href":"https:\/\/ligamercedina.com\/web\/wp-json\/wp\/v2\/categories?post=23006"},{"taxonomy":"post_tag","embeddable":true,"href":"https:\/\/ligamercedina.com\/web\/wp-json\/wp\/v2\/tags?post=23006"}],"curies":[{"name":"wp","href":"https:\/\/api.w.org\/{rel}","templated":true}]}}