{"id":23000,"date":"2018-08-31T14:54:05","date_gmt":"2018-08-31T17:54:05","guid":{"rendered":"https:\/\/ligamercedina.com\/web\/?p=23000"},"modified":"2018-08-31T14:54:05","modified_gmt":"2018-08-31T17:54:05","slug":"futbol-femenino-fecha-suspendida-2","status":"publish","type":"post","link":"https:\/\/ligamercedina.com\/web\/futbol-femenino-fecha-suspendida-2\/","title":{"rendered":"FUTBOL FEMENINO: FECHA SUSPENDIDA"},"content":{"rendered":"<blockquote><p><strong>Atento a la comunicaci\u00f3n de dirigentes de Club Mercedes indicando que la cancha no se encuentra en condiciones, se informa la suspensi\u00f3n de la primera fecha del Torneo Clausura, que estaba programada para ma\u00f1ana s\u00e1bado<\/strong><\/p><\/blockquote>\n","protected":false},"excerpt":{"rendered":"<p>Atento a la comunicaci\u00f3n de dirigentes de Club Mercedes indicando que la cancha no se encuentra en condiciones, se informa la suspensi\u00f3n de la primera fecha del Torneo Clausura, que estaba programada para ma\u00f1ana s\u00e1bado<\/p>\n","protected":false},"author":2,"featured_media":0,"comment_status":"open","ping_status":"open","sticky":false,"template":"","format":"standard","meta":{"footnotes":""},"categories":[4],"tags":[],"class_list":["post-23000","post","type-post","status-publish","format-standard","hentry","category-informaciongeneral"],"_links":{"self":[{"href":"https:\/\/ligamercedina.com\/web\/wp-json\/wp\/v2\/posts\/23000","targetHints":{"allow":["GET"]}}],"collection":[{"href":"https:\/\/ligamercedina.com\/web\/wp-json\/wp\/v2\/posts"}],"about":[{"href":"https:\/\/ligamercedina.com\/web\/wp-json\/wp\/v2\/types\/post"}],"author":[{"embeddable":true,"href":"https:\/\/ligamercedina.com\/web\/wp-json\/wp\/v2\/users\/2"}],"replies":[{"embeddable":true,"href":"https:\/\/ligamercedina.com\/web\/wp-json\/wp\/v2\/comments?post=23000"}],"version-history":[{"count":1,"href":"https:\/\/ligamercedina.com\/web\/wp-json\/wp\/v2\/posts\/23000\/revisions"}],"predecessor-version":[{"id":23001,"href":"https:\/\/ligamercedina.com\/web\/wp-json\/wp\/v2\/posts\/23000\/revisions\/23001"}],"wp:attachment":[{"href":"https:\/\/ligamercedina.com\/web\/wp-json\/wp\/v2\/media?parent=23000"}],"wp:term":[{"taxonomy":"category","embeddable":true,"href":"https:\/\/ligamercedina.com\/web\/wp-json\/wp\/v2\/categories?post=23000"},{"taxonomy":"post_tag","embeddable":true,"href":"https:\/\/ligamercedina.com\/web\/wp-json\/wp\/v2\/tags?post=23000"}],"curies":[{"name":"wp","href":"https:\/\/api.w.org\/{rel}","templated":true}]}}