{"id":22990,"date":"2018-08-30T16:40:36","date_gmt":"2018-08-30T19:40:36","guid":{"rendered":"https:\/\/ligamercedina.com\/web\/?p=22990"},"modified":"2018-08-30T16:40:36","modified_gmt":"2018-08-30T19:40:36","slug":"reserva-costa-brava-velez-postergado","status":"publish","type":"post","link":"https:\/\/ligamercedina.com\/web\/reserva-costa-brava-velez-postergado\/","title":{"rendered":"RESERVA: COSTA BRAVA &#8211; VELEZ POSTERGADO"},"content":{"rendered":"<p><strong>Se informa que debido al mal estado de la cancha de Costa Brava, el partido que deb\u00edan jugar hoy el local y V\u00e9lez se encuentra suspendido.<\/p>\n<p>Dicho encuentro se reprograma para el domingo a las 15 horas, mientras que el partido que deben jugar V\u00e9lez &#8211; Quilmes se reprogramar\u00e1 para la semana pr\u00f3xima.<\/strong><\/p>\n","protected":false},"excerpt":{"rendered":"<p>Se informa que debido al mal estado de la cancha de Costa Brava, el partido que deb\u00edan jugar hoy el local y V\u00e9lez se encuentra suspendido. Dicho encuentro se reprograma para el domingo a las 15 horas, mientras que el partido que deben jugar V\u00e9lez &#8211; Quilmes se reprogramar\u00e1 para la semana pr\u00f3xima.<\/p>\n","protected":false},"author":2,"featured_media":0,"comment_status":"open","ping_status":"open","sticky":false,"template":"","format":"standard","meta":{"footnotes":""},"categories":[4],"tags":[],"class_list":["post-22990","post","type-post","status-publish","format-standard","hentry","category-informaciongeneral"],"_links":{"self":[{"href":"https:\/\/ligamercedina.com\/web\/wp-json\/wp\/v2\/posts\/22990","targetHints":{"allow":["GET"]}}],"collection":[{"href":"https:\/\/ligamercedina.com\/web\/wp-json\/wp\/v2\/posts"}],"about":[{"href":"https:\/\/ligamercedina.com\/web\/wp-json\/wp\/v2\/types\/post"}],"author":[{"embeddable":true,"href":"https:\/\/ligamercedina.com\/web\/wp-json\/wp\/v2\/users\/2"}],"replies":[{"embeddable":true,"href":"https:\/\/ligamercedina.com\/web\/wp-json\/wp\/v2\/comments?post=22990"}],"version-history":[{"count":2,"href":"https:\/\/ligamercedina.com\/web\/wp-json\/wp\/v2\/posts\/22990\/revisions"}],"predecessor-version":[{"id":22992,"href":"https:\/\/ligamercedina.com\/web\/wp-json\/wp\/v2\/posts\/22990\/revisions\/22992"}],"wp:attachment":[{"href":"https:\/\/ligamercedina.com\/web\/wp-json\/wp\/v2\/media?parent=22990"}],"wp:term":[{"taxonomy":"category","embeddable":true,"href":"https:\/\/ligamercedina.com\/web\/wp-json\/wp\/v2\/categories?post=22990"},{"taxonomy":"post_tag","embeddable":true,"href":"https:\/\/ligamercedina.com\/web\/wp-json\/wp\/v2\/tags?post=22990"}],"curies":[{"name":"wp","href":"https:\/\/api.w.org\/{rel}","templated":true}]}}