{"id":22940,"date":"2018-08-26T23:09:19","date_gmt":"2018-08-27T02:09:19","guid":{"rendered":"https:\/\/ligamercedina.com\/web\/?p=22940"},"modified":"2018-08-26T23:09:19","modified_gmt":"2018-08-27T02:09:19","slug":"reserva-resultados-del-fin-de-semana-8","status":"publish","type":"post","link":"https:\/\/ligamercedina.com\/web\/reserva-resultados-del-fin-de-semana-8\/","title":{"rendered":"RESERVA: RESULTADOS DEL FIN DE SEMANA"},"content":{"rendered":"<p><strong>EL TIMON: -0-<\/strong><br \/>\n<strong>PABELLON ARGENTINO: -2-;<\/strong> Franco Del Piero, Luciano Gallardo<\/p>\n<p><strong>ATLETICO MARCOS PAZ: -1-;<\/strong> Juan Ru\u00edz<br \/>\n<strong>PE\u00d1A XENEIZE: -0-<\/strong><\/p>\n<p><strong>QUILMES: -2;<\/strong> Jaqu\u00edn Dabove, Dami\u00e1n Mansilla<br \/>\n<strong>DEFENSORES JRS: -0-<\/strong><\/p>\n<p><strong>JUVENTUD: -1-;<\/strong> Messia<br \/>\n<strong>UNION: -0-<\/strong><\/p>\n<p><strong>HOLANDA: -3-:<\/strong> Lucas Ch\u00e1vez (2), Franco Irusta<br \/>\n<strong>COMUNICACIONES: -0-<\/strong><\/p>\n<p><strong>MERCEDES: -2-; <\/strong>Jerem\u00edas Soul\u00e9, Juli\u00e1n Lussello<br \/>\n<strong>ATENEO: -0-<\/strong><\/p>\n<p><strong>AMEFIP: -2-;<\/strong> Mariano Mart\u00edn, Nahuel Torres<br \/>\n<strong>COSTA BRAVA: -1-; <\/strong>Alan Tust<\/p>\n<p><strong>PALOMETAS: -1-<br \/>\nVELEZ SARSFIELD: -2-;<\/strong> Braian Moyano, Sebasti\u00e1n Viola<\/p>\n<p><strong>EL FRONTON: -4-;<\/strong> Ramiro Soria (3), Homero Gelves<br \/>\n<strong>TROCHA: -0-<\/strong><\/p>\n<p><strong>ESTUDIANTES: -1-;<\/strong> Blas Lossino<br \/>\n<strong>COLON: -0-<\/strong><\/p>\n","protected":false},"excerpt":{"rendered":"<p>EL TIMON: -0- PABELLON ARGENTINO: -2-; Franco Del Piero, Luciano Gallardo ATLETICO MARCOS PAZ: -1-; Juan Ru\u00edz PE\u00d1A XENEIZE: -0- QUILMES: -2; Jaqu\u00edn Dabove, Dami\u00e1n Mansilla DEFENSORES JRS: -0- JUVENTUD: -1-; Messia UNION: -0- HOLANDA: -3-: Lucas Ch\u00e1vez (2), Franco Irusta COMUNICACIONES: -0- MERCEDES: -2-; Jerem\u00edas Soul\u00e9, Juli\u00e1n Lussello ATENEO: -0- AMEFIP: -2-; Mariano Mart\u00edn, Nahuel Torres COSTA BRAVA: -1-;<\/p>\n","protected":false},"author":2,"featured_media":0,"comment_status":"open","ping_status":"open","sticky":false,"template":"","format":"standard","meta":{"footnotes":""},"categories":[4],"tags":[],"class_list":["post-22940","post","type-post","status-publish","format-standard","hentry","category-informaciongeneral"],"_links":{"self":[{"href":"https:\/\/ligamercedina.com\/web\/wp-json\/wp\/v2\/posts\/22940","targetHints":{"allow":["GET"]}}],"collection":[{"href":"https:\/\/ligamercedina.com\/web\/wp-json\/wp\/v2\/posts"}],"about":[{"href":"https:\/\/ligamercedina.com\/web\/wp-json\/wp\/v2\/types\/post"}],"author":[{"embeddable":true,"href":"https:\/\/ligamercedina.com\/web\/wp-json\/wp\/v2\/users\/2"}],"replies":[{"embeddable":true,"href":"https:\/\/ligamercedina.com\/web\/wp-json\/wp\/v2\/comments?post=22940"}],"version-history":[{"count":1,"href":"https:\/\/ligamercedina.com\/web\/wp-json\/wp\/v2\/posts\/22940\/revisions"}],"predecessor-version":[{"id":22941,"href":"https:\/\/ligamercedina.com\/web\/wp-json\/wp\/v2\/posts\/22940\/revisions\/22941"}],"wp:attachment":[{"href":"https:\/\/ligamercedina.com\/web\/wp-json\/wp\/v2\/media?parent=22940"}],"wp:term":[{"taxonomy":"category","embeddable":true,"href":"https:\/\/ligamercedina.com\/web\/wp-json\/wp\/v2\/categories?post=22940"},{"taxonomy":"post_tag","embeddable":true,"href":"https:\/\/ligamercedina.com\/web\/wp-json\/wp\/v2\/tags?post=22940"}],"curies":[{"name":"wp","href":"https:\/\/api.w.org\/{rel}","templated":true}]}}