{"id":22928,"date":"2018-08-24T19:01:49","date_gmt":"2018-08-24T22:01:49","guid":{"rendered":"https:\/\/ligamercedina.com\/web\/?p=22928"},"modified":"2018-08-24T19:01:49","modified_gmt":"2018-08-24T22:01:49","slug":"tribunal-de-discilina-ampliacion-fallo","status":"publish","type":"post","link":"https:\/\/ligamercedina.com\/web\/tribunal-de-discilina-ampliacion-fallo\/","title":{"rendered":"TRIBUNAL DE DISCILINA: AMPLIACION FALLO"},"content":{"rendered":"<p>Mercedes 24 de agosto de 2018<br \/>\nAmpliaci\u00f3n Fallo 19.<\/p>\n<p>1)<br \/>\nEn virtud de la presentaci\u00f3n realizada por el Club Trocha en relaci\u00f3n a la sanci\u00f3n del jugador Niz, Jonathan indicando que el jugador involucrado fue FARIAS, Cristian y no el nombrado en primer t\u00e9rmino, el Presidente del Tribunal inici\u00f3 una solicitud de informaci\u00f3n mediante autoridades de la Liga.<\/p>\n<p>De lo actuado, surge que el jugador expulsado fue FARIAS, Cristian quien de esta manera debe purgar una sanci\u00f3n de 3 partidos de suspensi\u00f3n.<br \/>\nAsimismo se deja sin efecto la sanci\u00f3n sobre el jugador NIZ, Jonathan.<\/p>\n<p>2)<br \/>\nAtento al informe del partido de Reserva jugado entre los equipos de AMEFIP &#8211; V\u00e9lez, se RESUELVE:<br \/>\nSuspender en forma provisoria al jugador de AMEFIP, RAMIREZ, Agust\u00edn y al DT del mismo club LUCERO, Pedro.<\/p>\n<p>Mat\u00edas Marchessini (Presidente)<br \/>\nJuan Bidone (Vicepresidente)<br \/>\nCristian G\u00f3mez (Vocal)<\/p>\n","protected":false},"excerpt":{"rendered":"<p>Mercedes 24 de agosto de 2018 Ampliaci\u00f3n Fallo 19. 1) En virtud de la presentaci\u00f3n realizada por el Club Trocha en relaci\u00f3n a la sanci\u00f3n del jugador Niz, Jonathan indicando que el jugador involucrado fue FARIAS, Cristian y no el nombrado en primer t\u00e9rmino, el Presidente del Tribunal inici\u00f3 una solicitud de informaci\u00f3n mediante autoridades de la Liga. De lo<\/p>\n","protected":false},"author":2,"featured_media":0,"comment_status":"open","ping_status":"open","sticky":false,"template":"","format":"standard","meta":{"footnotes":""},"categories":[4],"tags":[],"class_list":["post-22928","post","type-post","status-publish","format-standard","hentry","category-informaciongeneral"],"_links":{"self":[{"href":"https:\/\/ligamercedina.com\/web\/wp-json\/wp\/v2\/posts\/22928","targetHints":{"allow":["GET"]}}],"collection":[{"href":"https:\/\/ligamercedina.com\/web\/wp-json\/wp\/v2\/posts"}],"about":[{"href":"https:\/\/ligamercedina.com\/web\/wp-json\/wp\/v2\/types\/post"}],"author":[{"embeddable":true,"href":"https:\/\/ligamercedina.com\/web\/wp-json\/wp\/v2\/users\/2"}],"replies":[{"embeddable":true,"href":"https:\/\/ligamercedina.com\/web\/wp-json\/wp\/v2\/comments?post=22928"}],"version-history":[{"count":1,"href":"https:\/\/ligamercedina.com\/web\/wp-json\/wp\/v2\/posts\/22928\/revisions"}],"predecessor-version":[{"id":22929,"href":"https:\/\/ligamercedina.com\/web\/wp-json\/wp\/v2\/posts\/22928\/revisions\/22929"}],"wp:attachment":[{"href":"https:\/\/ligamercedina.com\/web\/wp-json\/wp\/v2\/media?parent=22928"}],"wp:term":[{"taxonomy":"category","embeddable":true,"href":"https:\/\/ligamercedina.com\/web\/wp-json\/wp\/v2\/categories?post=22928"},{"taxonomy":"post_tag","embeddable":true,"href":"https:\/\/ligamercedina.com\/web\/wp-json\/wp\/v2\/tags?post=22928"}],"curies":[{"name":"wp","href":"https:\/\/api.w.org\/{rel}","templated":true}]}}