{"id":22925,"date":"2018-08-23T20:21:25","date_gmt":"2018-08-23T23:21:25","guid":{"rendered":"https:\/\/ligamercedina.com\/web\/?p=22925"},"modified":"2018-08-23T20:21:25","modified_gmt":"2018-08-23T23:21:25","slug":"se-amplia-la-reunion-de-delegados-convocada-para-el-lunes","status":"publish","type":"post","link":"https:\/\/ligamercedina.com\/web\/se-amplia-la-reunion-de-delegados-convocada-para-el-lunes\/","title":{"rendered":"SE AMPLIA LA REUNION DE DELEGADOS CONVOCADA PARA EL LUNES"},"content":{"rendered":"<blockquote><p><strong>Se informa a los delegados de F\u00fatbol de Primera y Reserva que el pr\u00f3ximo lunes se realizar\u00e1 una reuni\u00f3n a los fines de dar tratamiento a puntos de organizaci\u00f3n.<br \/>\nSe hace saber que para el mismo d\u00eda, a partir de las 20 horas, se hab\u00eda convocado a los delegados del Departamento de F\u00fatbol Infanto &#8211; Juvenil<\/strong><\/p><\/blockquote>\n","protected":false},"excerpt":{"rendered":"<p>Se informa a los delegados de F\u00fatbol de Primera y Reserva que el pr\u00f3ximo lunes se realizar\u00e1 una reuni\u00f3n a los fines de dar tratamiento a puntos de organizaci\u00f3n. Se hace saber que para el mismo d\u00eda, a partir de las 20 horas, se hab\u00eda convocado a los delegados del Departamento de F\u00fatbol Infanto &#8211; Juvenil<\/p>\n","protected":false},"author":2,"featured_media":0,"comment_status":"open","ping_status":"open","sticky":false,"template":"","format":"standard","meta":{"footnotes":""},"categories":[4],"tags":[],"class_list":["post-22925","post","type-post","status-publish","format-standard","hentry","category-informaciongeneral"],"_links":{"self":[{"href":"https:\/\/ligamercedina.com\/web\/wp-json\/wp\/v2\/posts\/22925","targetHints":{"allow":["GET"]}}],"collection":[{"href":"https:\/\/ligamercedina.com\/web\/wp-json\/wp\/v2\/posts"}],"about":[{"href":"https:\/\/ligamercedina.com\/web\/wp-json\/wp\/v2\/types\/post"}],"author":[{"embeddable":true,"href":"https:\/\/ligamercedina.com\/web\/wp-json\/wp\/v2\/users\/2"}],"replies":[{"embeddable":true,"href":"https:\/\/ligamercedina.com\/web\/wp-json\/wp\/v2\/comments?post=22925"}],"version-history":[{"count":1,"href":"https:\/\/ligamercedina.com\/web\/wp-json\/wp\/v2\/posts\/22925\/revisions"}],"predecessor-version":[{"id":22926,"href":"https:\/\/ligamercedina.com\/web\/wp-json\/wp\/v2\/posts\/22925\/revisions\/22926"}],"wp:attachment":[{"href":"https:\/\/ligamercedina.com\/web\/wp-json\/wp\/v2\/media?parent=22925"}],"wp:term":[{"taxonomy":"category","embeddable":true,"href":"https:\/\/ligamercedina.com\/web\/wp-json\/wp\/v2\/categories?post=22925"},{"taxonomy":"post_tag","embeddable":true,"href":"https:\/\/ligamercedina.com\/web\/wp-json\/wp\/v2\/tags?post=22925"}],"curies":[{"name":"wp","href":"https:\/\/api.w.org\/{rel}","templated":true}]}}