{"id":22914,"date":"2018-08-22T18:04:06","date_gmt":"2018-08-22T21:04:06","guid":{"rendered":"https:\/\/ligamercedina.com\/web\/?p=22914"},"modified":"2018-08-23T15:40:06","modified_gmt":"2018-08-23T18:40:06","slug":"infanto-juvenil-quilmes-velez-adelantaran-partidos-de-la-fecha-15","status":"publish","type":"post","link":"https:\/\/ligamercedina.com\/web\/infanto-juvenil-quilmes-velez-adelantaran-partidos-de-la-fecha-15\/","title":{"rendered":"INFANTO &#8211; JUVENIL: QUILMES &#8211; VELEZ ADELANTARAN PARTIDOS DE LA FECHA 15"},"content":{"rendered":"<p><a href=\"https:\/\/ligamercedina.com\/web\/wp-content\/uploads\/2018\/03\/quilmes.jpg\"><img loading=\"lazy\" decoding=\"async\" src=\"https:\/\/ligamercedina.com\/web\/wp-content\/uploads\/2018\/03\/quilmes.jpg\" alt=\"\" width=\"387\" height=\"373\" class=\"aligncenter size-full wp-image-21643\" srcset=\"https:\/\/ligamercedina.com\/web\/wp-content\/uploads\/2018\/03\/quilmes.jpg 387w, https:\/\/ligamercedina.com\/web\/wp-content\/uploads\/2018\/03\/quilmes-300x289.jpg 300w, https:\/\/ligamercedina.com\/web\/wp-content\/uploads\/2018\/03\/quilmes-310x299.jpg 310w, https:\/\/ligamercedina.com\/web\/wp-content\/uploads\/2018\/03\/quilmes-60x58.jpg 60w\" sizes=\"auto, (max-width: 387px) 100vw, 387px\" \/><\/a> <a href=\"https:\/\/ligamercedina.com\/web\/wp-content\/uploads\/2017\/12\/velez.jpg\"><img loading=\"lazy\" decoding=\"async\" src=\"https:\/\/ligamercedina.com\/web\/wp-content\/uploads\/2017\/12\/velez.jpg\" alt=\"\" width=\"365\" height=\"390\" class=\"aligncenter size-full wp-image-20749\" srcset=\"https:\/\/ligamercedina.com\/web\/wp-content\/uploads\/2017\/12\/velez.jpg 365w, https:\/\/ligamercedina.com\/web\/wp-content\/uploads\/2017\/12\/velez-281x300.jpg 281w, https:\/\/ligamercedina.com\/web\/wp-content\/uploads\/2017\/12\/velez-310x331.jpg 310w, https:\/\/ligamercedina.com\/web\/wp-content\/uploads\/2017\/12\/velez-60x64.jpg 60w\" sizes=\"auto, (max-width: 365px) 100vw, 365px\" \/><\/a><\/p>\n<p>En la ma\u00f1ana de hoy el delegado de Club Quilmes confirm\u00f3 que tras acuerdo con dirigentes de V\u00e9lez decidieron adelantar  partidos correspondiente a la fecha 15 del torneo.<br \/>\nDe esta manera, se jugar\u00e1n el d\u00eda s\u00e1bado, obligando a modificar horarios para los partidos que deb\u00edan jugarse all\u00ed.<\/p>\n<p><strong>Horarios<br \/>\nINFANTILES<\/strong><br \/>\n13:00 hs. Categor\u00eda Promocional<br \/>\n14:00 hs. Categor\u00eda 2009<br \/>\n15:00 hs. Categor\u00eda 2008<br \/>\n16:00 hs. Categor\u00eda 2007<\/p>\n<p><strong>JUVENILES<\/strong><br \/>\n10:30 hs. Categor\u00eda 2006<br \/>\n11:30 hs. Categor\u00eda 2004<br \/>\n12:45 hs. Categor\u00eda 2003<br \/>\n14:00 hs. Categor\u00eda 5a<\/p>\n","protected":false},"excerpt":{"rendered":"<p>En la ma\u00f1ana de hoy el delegado de Club Quilmes confirm\u00f3 que tras acuerdo con dirigentes de V\u00e9lez decidieron adelantar partidos correspondiente a la fecha 15 del torneo. De esta manera, se jugar\u00e1n el d\u00eda s\u00e1bado, obligando a modificar horarios para los partidos que deb\u00edan jugarse all\u00ed. Horarios INFANTILES 13:00 hs. Categor\u00eda Promocional 14:00 hs. Categor\u00eda 2009 15:00 hs. Categor\u00eda<\/p>\n","protected":false},"author":2,"featured_media":0,"comment_status":"open","ping_status":"open","sticky":false,"template":"","format":"standard","meta":{"footnotes":""},"categories":[4],"tags":[],"class_list":["post-22914","post","type-post","status-publish","format-standard","hentry","category-informaciongeneral"],"_links":{"self":[{"href":"https:\/\/ligamercedina.com\/web\/wp-json\/wp\/v2\/posts\/22914","targetHints":{"allow":["GET"]}}],"collection":[{"href":"https:\/\/ligamercedina.com\/web\/wp-json\/wp\/v2\/posts"}],"about":[{"href":"https:\/\/ligamercedina.com\/web\/wp-json\/wp\/v2\/types\/post"}],"author":[{"embeddable":true,"href":"https:\/\/ligamercedina.com\/web\/wp-json\/wp\/v2\/users\/2"}],"replies":[{"embeddable":true,"href":"https:\/\/ligamercedina.com\/web\/wp-json\/wp\/v2\/comments?post=22914"}],"version-history":[{"count":2,"href":"https:\/\/ligamercedina.com\/web\/wp-json\/wp\/v2\/posts\/22914\/revisions"}],"predecessor-version":[{"id":22923,"href":"https:\/\/ligamercedina.com\/web\/wp-json\/wp\/v2\/posts\/22914\/revisions\/22923"}],"wp:attachment":[{"href":"https:\/\/ligamercedina.com\/web\/wp-json\/wp\/v2\/media?parent=22914"}],"wp:term":[{"taxonomy":"category","embeddable":true,"href":"https:\/\/ligamercedina.com\/web\/wp-json\/wp\/v2\/categories?post=22914"},{"taxonomy":"post_tag","embeddable":true,"href":"https:\/\/ligamercedina.com\/web\/wp-json\/wp\/v2\/tags?post=22914"}],"curies":[{"name":"wp","href":"https:\/\/api.w.org\/{rel}","templated":true}]}}