{"id":22906,"date":"2018-08-20T22:07:17","date_gmt":"2018-08-21T01:07:17","guid":{"rendered":"https:\/\/ligamercedina.com\/web\/?p=22906"},"modified":"2018-08-20T22:07:17","modified_gmt":"2018-08-21T01:07:17","slug":"primera-reserva-programacion-de-partidos-pendientes-3","status":"publish","type":"post","link":"https:\/\/ligamercedina.com\/web\/primera-reserva-programacion-de-partidos-pendientes-3\/","title":{"rendered":"PRIMERA &#8211; RESERVA: PROGRAMACION DE PARTIDOS PENDIENTES"},"content":{"rendered":"<blockquote><p><strong>PRIMERA<\/strong><\/p><\/blockquote>\n<p><em><strong>Mi\u00e9rcoles 29 de agosto, cancha Liga Mercedina<\/strong><\/em><br \/>\n19:15 hs. Defensores Vs. V\u00e9lez Sarsfield<br \/>\n21:15 hs. Uni\u00f3n Vs. Palometas<\/p>\n<blockquote><p><strong>RESERVA<\/strong><\/p><\/blockquote>\n<p><em><strong>Mi\u00e9rcoles 22 de agosto, cancha Liga Mercedina<\/strong><\/em><br \/>\n19:30 hs. V\u00e9lez Sarsfield Vs. AMEFIP<\/p>\n<p><em><strong>Martes  28 de agosto, cancha Liga Mercedina<\/strong><\/em><br \/>\n19:00 hs. Defensores Vs. El Front\u00f3n<br \/>\n20:45 hs. Mercedes Vs. Col\u00f3n<\/p>\n<p><em><strong>Jueves 30 de agosto, cancha Liga Mercedina<\/strong><\/em><br \/>\n19:00 hs. Pe\u00f1a Xeneize Vs. Estudiantes<br \/>\n20:45 hs. Velez Sarsfield Vs. Costa Brava<\/p>\n","protected":false},"excerpt":{"rendered":"<p>PRIMERA Mi\u00e9rcoles 29 de agosto, cancha Liga Mercedina 19:15 hs. Defensores Vs. V\u00e9lez Sarsfield 21:15 hs. Uni\u00f3n Vs. Palometas RESERVA Mi\u00e9rcoles 22 de agosto, cancha Liga Mercedina 19:30 hs. V\u00e9lez Sarsfield Vs. AMEFIP Martes 28 de agosto, cancha Liga Mercedina 19:00 hs. Defensores Vs. El Front\u00f3n 20:45 hs. Mercedes Vs. Col\u00f3n Jueves 30 de agosto, cancha Liga Mercedina 19:00 hs.<\/p>\n","protected":false},"author":2,"featured_media":0,"comment_status":"open","ping_status":"open","sticky":false,"template":"","format":"standard","meta":{"footnotes":""},"categories":[4],"tags":[],"class_list":["post-22906","post","type-post","status-publish","format-standard","hentry","category-informaciongeneral"],"_links":{"self":[{"href":"https:\/\/ligamercedina.com\/web\/wp-json\/wp\/v2\/posts\/22906","targetHints":{"allow":["GET"]}}],"collection":[{"href":"https:\/\/ligamercedina.com\/web\/wp-json\/wp\/v2\/posts"}],"about":[{"href":"https:\/\/ligamercedina.com\/web\/wp-json\/wp\/v2\/types\/post"}],"author":[{"embeddable":true,"href":"https:\/\/ligamercedina.com\/web\/wp-json\/wp\/v2\/users\/2"}],"replies":[{"embeddable":true,"href":"https:\/\/ligamercedina.com\/web\/wp-json\/wp\/v2\/comments?post=22906"}],"version-history":[{"count":1,"href":"https:\/\/ligamercedina.com\/web\/wp-json\/wp\/v2\/posts\/22906\/revisions"}],"predecessor-version":[{"id":22907,"href":"https:\/\/ligamercedina.com\/web\/wp-json\/wp\/v2\/posts\/22906\/revisions\/22907"}],"wp:attachment":[{"href":"https:\/\/ligamercedina.com\/web\/wp-json\/wp\/v2\/media?parent=22906"}],"wp:term":[{"taxonomy":"category","embeddable":true,"href":"https:\/\/ligamercedina.com\/web\/wp-json\/wp\/v2\/categories?post=22906"},{"taxonomy":"post_tag","embeddable":true,"href":"https:\/\/ligamercedina.com\/web\/wp-json\/wp\/v2\/tags?post=22906"}],"curies":[{"name":"wp","href":"https:\/\/api.w.org\/{rel}","templated":true}]}}