{"id":22904,"date":"2018-08-20T20:36:05","date_gmt":"2018-08-20T23:36:05","guid":{"rendered":"https:\/\/ligamercedina.com\/web\/?p=22904"},"modified":"2018-08-20T23:07:57","modified_gmt":"2018-08-21T02:07:57","slug":"adelanto-de-horarios-para-el-proximo-fin-de-semana-2","status":"publish","type":"post","link":"https:\/\/ligamercedina.com\/web\/adelanto-de-horarios-para-el-proximo-fin-de-semana-2\/","title":{"rendered":"ADELANTO DE HORARIOS PARA EL PROXIMO FIN DE SEMANA"},"content":{"rendered":"<blockquote><p><strong>PRIMERA DIVISION<\/strong><\/p><\/blockquote>\n<p><em><strong>S\u00e1bado 25 de agosto, cancha El Front\u00f3n<\/strong><\/em><br \/>\n15:30 hs. El Front\u00f3n Vs. Trocha<\/p>\n<p><em><strong>Domingo 26 de agosto, cancha Liga Mercedina<\/strong><\/em><br \/>\n11:00 hs. Mercedes Vs. Ateneo<br \/>\n13:00 hs. AMEFIP Vs. Costa Brava<br \/>\n15:00 hs. Estudiantes Vs. Col\u00f3n<br \/>\n17:00 hs. Holanda Vs. Comunicaciones<\/p>\n<p><em><strong>Domingo 26 de agosto, cancha V\u00e9lez Sarsfield<\/strong><\/em><br \/>\n11:00 hs. Palometas Vs. V\u00e9lez Sarsfield<br \/>\n13:00 hs. Quilmes Vs. Defensores<br \/>\n15:00 hs. El Tim\u00f3n Vs. Pabell\u00f3n Argentino<\/p>\n<p><em><strong>Domingo 26 de agosto, cancha Juventud<\/strong><\/em><br \/>\n15:30 hs. Juventud Vs. Uni\u00f3n<\/p>\n<p><em><strong>Domingo 26 de agosto, cancha<\/strong><\/em><br \/>\n15:00 hs. Atl\u00e9tico Marcos Paz Vs. Pe\u00f1a Xeneize<\/p>\n<blockquote><p><strong>RESERVA<\/strong><\/p><\/blockquote>\n<p><em><strong>S\u00e1bado 25 de agosto, cancha El Front\u00f3n<\/strong><\/em><br \/>\n13:30 hs. El Front\u00f3n Vs. Trocha<\/p>\n<p><em><strong>S\u00e1bado 25 de agosto, cancha Ateneo<\/strong><\/em><br \/>\n13:30 hs.  AMEFIP Vs. Costa Brava<br \/>\n15:30 hs. Ateneo Vs. Mercedes<\/p>\n<p><em><strong>S\u00e1bado 25 de agosto, cancha Quilmes<\/strong><\/em><br \/>\n13:30 hs.  Estudiantes Vs. Col\u00f3n<br \/>\n15:30 hs. Quilmes Vs. Defensores<\/p>\n<p><em><strong>S\u00e1bado 25 de agosto, cancha Comunicaciones<\/strong><\/em><br \/>\n13:30 hs. Comunicaciones Vs. Holanda<br \/>\n15:30 hs. Palometas Vs. V\u00e9lez <\/p>\n<p><em><strong>Domingo 25 de agosto, cancha Ateneo<\/strong><\/em><br \/>\n12:15 hs. El Tim\u00f3n Vs. Pabell\u00f3n Argentino<\/p>\n<p><em><strong>Domingo 26 de agosto, cancha Juventud<\/strong><\/em><br \/>\n13:30 hs. Juventud Vs. Uni\u00f3n<\/p>\n<p><em><strong>Domingo 26 de agosto, cancha<\/strong><\/em><br \/>\n13:00 hs. Atl\u00e9tico Marcos Paz Vs. Pe\u00f1a Xeneize<\/p>\n<blockquote><p><strong>INFANTIL -SABADO 25-<\/strong><\/p><\/blockquote>\n<p>Juventud Vs. Estudiantes<br \/>\nCategor\u00eda 2007 (A Confirmar hrario<\/p>\n<blockquote><p><strong>JUVENILES &#8211; SABADO 25-<\/strong><\/p><\/blockquote>\n<p>El Front\u00f3n Vs. Mercedes<br \/>\n11:00 hs. Categor\u00eda 2004<br \/>\n12:15 hs. Categor\u00eda 2005<\/p>\n<p>Juventud Vs. Atl\u00e9tico Marcos Paz<br \/>\n11:00 hs. Categor\u00eda 2004<br \/>\n12:15 hs. Categor\u00eda 2005<br \/>\n13:30 hs. Categor\u00eda 2006<br \/>\n14:45 hs. Categor\u00eda 2003<br \/>\n16:00 hs. Categor\u00eda 5\u00aa Divisi\u00f3n<\/p>\n","protected":false},"excerpt":{"rendered":"<p>PRIMERA DIVISION S\u00e1bado 25 de agosto, cancha El Front\u00f3n 15:30 hs. El Front\u00f3n Vs. Trocha Domingo 26 de agosto, cancha Liga Mercedina 11:00 hs. Mercedes Vs. Ateneo 13:00 hs. AMEFIP Vs. Costa Brava 15:00 hs. Estudiantes Vs. Col\u00f3n 17:00 hs. Holanda Vs. Comunicaciones Domingo 26 de agosto, cancha V\u00e9lez Sarsfield 11:00 hs. Palometas Vs. V\u00e9lez Sarsfield 13:00 hs. Quilmes Vs.<\/p>\n","protected":false},"author":2,"featured_media":0,"comment_status":"open","ping_status":"open","sticky":false,"template":"","format":"standard","meta":{"footnotes":""},"categories":[4],"tags":[],"class_list":["post-22904","post","type-post","status-publish","format-standard","hentry","category-informaciongeneral"],"_links":{"self":[{"href":"https:\/\/ligamercedina.com\/web\/wp-json\/wp\/v2\/posts\/22904","targetHints":{"allow":["GET"]}}],"collection":[{"href":"https:\/\/ligamercedina.com\/web\/wp-json\/wp\/v2\/posts"}],"about":[{"href":"https:\/\/ligamercedina.com\/web\/wp-json\/wp\/v2\/types\/post"}],"author":[{"embeddable":true,"href":"https:\/\/ligamercedina.com\/web\/wp-json\/wp\/v2\/users\/2"}],"replies":[{"embeddable":true,"href":"https:\/\/ligamercedina.com\/web\/wp-json\/wp\/v2\/comments?post=22904"}],"version-history":[{"count":2,"href":"https:\/\/ligamercedina.com\/web\/wp-json\/wp\/v2\/posts\/22904\/revisions"}],"predecessor-version":[{"id":22908,"href":"https:\/\/ligamercedina.com\/web\/wp-json\/wp\/v2\/posts\/22904\/revisions\/22908"}],"wp:attachment":[{"href":"https:\/\/ligamercedina.com\/web\/wp-json\/wp\/v2\/media?parent=22904"}],"wp:term":[{"taxonomy":"category","embeddable":true,"href":"https:\/\/ligamercedina.com\/web\/wp-json\/wp\/v2\/categories?post=22904"},{"taxonomy":"post_tag","embeddable":true,"href":"https:\/\/ligamercedina.com\/web\/wp-json\/wp\/v2\/tags?post=22904"}],"curies":[{"name":"wp","href":"https:\/\/api.w.org\/{rel}","templated":true}]}}