{"id":22902,"date":"2018-08-20T20:03:00","date_gmt":"2018-08-20T23:03:00","guid":{"rendered":"https:\/\/ligamercedina.com\/web\/?p=22902"},"modified":"2018-08-20T20:03:00","modified_gmt":"2018-08-20T23:03:00","slug":"infanto-juvenil-resultados-de-los-partidos-del-lunes","status":"publish","type":"post","link":"https:\/\/ligamercedina.com\/web\/infanto-juvenil-resultados-de-los-partidos-del-lunes\/","title":{"rendered":"INFANTO &#8211; JUVENIL: RESULTADOS DE LOS PARTIDOS DEL LUNES"},"content":{"rendered":"<p><strong>DEFENSORES \u2013 MERCEDES<\/strong><br \/>\nCategor\u00eda 2009: 1 (Alejandro Romero) \u2013 2 (Zen\u00f3n Garc\u00eda, Bautista Mihura)<br \/>\nCategor\u00eda 2008: 0 \u2013 4 (Rom\u00e1n Cruz 2, Benicio Fusco, Benjam\u00edn Mustoni)<br \/>\nCategor\u00eda 2007: 0 \u2013 0<br \/>\nCategor\u00eda 2006: 0 \u2013 1 (Felipe Spinetta)<br \/>\nCategor\u00eda 2005: 1 (Facundo D\u00edaz) \u2013 1 (Juan Villa)<br \/>\nCategor\u00eda 2003: 1 (Jos\u00e9 Cejas) \u2013 1 (Valentino Fusco)<br \/>\nCategor\u00eda 5a: 1 (Agust\u00edn Robledo) \u2013 2 (Nazareno Cruz, Luca Dadea)<\/p>\n<p><strong>PALOMETAS \u2013 LOS VASCOS<\/strong><br \/>\nCategor\u00eda 2009: 0 \u2013 5 (Albano Centeno, Mirko Irrazabal 2, I\u00e1n Rodr\u00edguez, Santino Semino)<br \/>\nCategor\u00eda 2008:  0 \u2013 2 (Camilo Fortina, Alan Morales)<br \/>\nCategor\u00eda 2007: 0 \u2013 0<br \/>\nCategor\u00eda 2006: 0 \u2013 2 (Thiago Casciari, Ariel Rivarola)<br \/>\nCategor\u00eda 2005: 1 (Mateo Caramelo) \u2013 3 (Agust\u00edn Giribuella, Isa\u00edas Rodr\u00edguez 2)<br \/>\nCategor\u00eda 2004: 1 (Valentino Mangino) \u2013 0<br \/>\nCategor\u00eda 2003: 0 \u2013 3 (Alan Benavidez, Luciano Mart\u00ednez )<\/p>\n<p><strong>MERCEDES \u201cA\u201d &#8211; QUILMES<\/strong><br \/>\nCategor\u00eda 2009: 0 \u2013 4 (Justo Badano, Benjam\u00edn Giles, L\u00e1zaro Lucena 2)<br \/>\nCategor\u00eda 2008: 1 (Dylan B\u00edsforo) \u2013 4 (Mateo Biglia, Bautista Cabral, Rom\u00e1n Pawels, Mateo Cabrera)<br \/>\nCategor\u00eda 2007: 2 (Thiago Caraballo, Alexis Gallardo) \u2013 1 (Lucas Galv\u00e1n)<br \/>\nCategor\u00eda 2006: 0 \u2013 6 (Alexis Arias, Bautista D\u00edaz, Kevin L\u00f3pez 3, L\u00e1zaro Rosales)<br \/>\nCategor\u00eda 2005: 0 \u2013 0<br \/>\nCategor\u00eda 2004: 0 \u2013 5 (Mateo Cuenca, Joaqu\u00edn Guzm\u00e1n, Uriel Pardo, Luca Puggioni, Mat\u00edas Videla)<br \/>\nCategor\u00eda 2003: 1 (Juan Rubbo) \u2013 0<br \/>\nCategor\u00eda 5a: 1 (Franco Novo) \u2013 2 (Nahuel Ort\u00edz, Emanuel Ponce)<\/p>\n","protected":false},"excerpt":{"rendered":"<p>DEFENSORES \u2013 MERCEDES Categor\u00eda 2009: 1 (Alejandro Romero) \u2013 2 (Zen\u00f3n Garc\u00eda, Bautista Mihura) Categor\u00eda 2008: 0 \u2013 4 (Rom\u00e1n Cruz 2, Benicio Fusco, Benjam\u00edn Mustoni) Categor\u00eda 2007: 0 \u2013 0 Categor\u00eda 2006: 0 \u2013 1 (Felipe Spinetta) Categor\u00eda 2005: 1 (Facundo D\u00edaz) \u2013 1 (Juan Villa) Categor\u00eda 2003: 1 (Jos\u00e9 Cejas) \u2013 1 (Valentino Fusco) Categor\u00eda 5a: 1 (Agust\u00edn<\/p>\n","protected":false},"author":2,"featured_media":0,"comment_status":"open","ping_status":"open","sticky":false,"template":"","format":"standard","meta":{"footnotes":""},"categories":[4],"tags":[],"class_list":["post-22902","post","type-post","status-publish","format-standard","hentry","category-informaciongeneral"],"_links":{"self":[{"href":"https:\/\/ligamercedina.com\/web\/wp-json\/wp\/v2\/posts\/22902","targetHints":{"allow":["GET"]}}],"collection":[{"href":"https:\/\/ligamercedina.com\/web\/wp-json\/wp\/v2\/posts"}],"about":[{"href":"https:\/\/ligamercedina.com\/web\/wp-json\/wp\/v2\/types\/post"}],"author":[{"embeddable":true,"href":"https:\/\/ligamercedina.com\/web\/wp-json\/wp\/v2\/users\/2"}],"replies":[{"embeddable":true,"href":"https:\/\/ligamercedina.com\/web\/wp-json\/wp\/v2\/comments?post=22902"}],"version-history":[{"count":1,"href":"https:\/\/ligamercedina.com\/web\/wp-json\/wp\/v2\/posts\/22902\/revisions"}],"predecessor-version":[{"id":22903,"href":"https:\/\/ligamercedina.com\/web\/wp-json\/wp\/v2\/posts\/22902\/revisions\/22903"}],"wp:attachment":[{"href":"https:\/\/ligamercedina.com\/web\/wp-json\/wp\/v2\/media?parent=22902"}],"wp:term":[{"taxonomy":"category","embeddable":true,"href":"https:\/\/ligamercedina.com\/web\/wp-json\/wp\/v2\/categories?post=22902"},{"taxonomy":"post_tag","embeddable":true,"href":"https:\/\/ligamercedina.com\/web\/wp-json\/wp\/v2\/tags?post=22902"}],"curies":[{"name":"wp","href":"https:\/\/api.w.org\/{rel}","templated":true}]}}