{"id":229,"date":"2007-09-16T22:28:58","date_gmt":"2007-09-17T01:28:58","guid":{"rendered":"https:\/\/ligamercedina.com\/?p=229"},"modified":"2007-09-16T22:28:58","modified_gmt":"2007-09-17T01:28:58","slug":"lunes-y-martes-de-reuniones","status":"publish","type":"post","link":"https:\/\/ligamercedina.com\/web\/lunes-y-martes-de-reuniones\/","title":{"rendered":"LUNES Y MARTES DE REUNIONES"},"content":{"rendered":"<blockquote><p><strong>Entre lunes y martes, la sede de la Liga Mercedina, ubicada en calle 31 entre 32 y 34 &#8211; Club Belgrano &#8211; ser\u00e1 sede de dos importantes reuniones, para las cuales est\u00e1n siendo convocados los diferentes delegados.<\/p>\n<p>El d\u00eda lunes ser\u00e1 el turno de los equipos de Primera Divisi\u00f3n donde se tratar\u00e1n diferentes puntos que tienen que ver con la continuidad de la temporada, e informar sobre lo acontecido el pasado jueves en la reuni\u00f3n de dirigentes de la Uni\u00f3n Regional Tres Ligas.<\/p>\n<p>En tanto, el d\u00eda martes se reunir\u00e1n los delegados de los equipos del F\u00fatbol Infantil, donde el punto principal a tratar ser\u00e1 el del inter\u00e9s de varias instituciones porque tras el actual campeonato se contin\u00fae con la actividad.<br \/>\nAsimismo, tambi\u00e9n se brindar\u00e1 informaci\u00f3n sobre los torneos de la Uni\u00f3n Regional Tres Ligas.<\/strong><\/p><\/blockquote>\n","protected":false},"excerpt":{"rendered":"<p>Entre lunes y martes, la sede de la Liga Mercedina, ubicada en calle 31 entre 32 y 34 &#8211; Club Belgrano &#8211; ser\u00e1 sede de dos importantes reuniones, para las cuales est\u00e1n siendo convocados los diferentes delegados. El d\u00eda lunes ser\u00e1 el turno de los equipos de Primera Divisi\u00f3n donde se tratar\u00e1n diferentes puntos que tienen que ver con la<\/p>\n","protected":false},"author":1,"featured_media":0,"comment_status":"open","ping_status":"open","sticky":false,"template":"","format":"standard","meta":{"footnotes":""},"categories":[4],"tags":[],"class_list":["post-229","post","type-post","status-publish","format-standard","hentry","category-informaciongeneral"],"_links":{"self":[{"href":"https:\/\/ligamercedina.com\/web\/wp-json\/wp\/v2\/posts\/229","targetHints":{"allow":["GET"]}}],"collection":[{"href":"https:\/\/ligamercedina.com\/web\/wp-json\/wp\/v2\/posts"}],"about":[{"href":"https:\/\/ligamercedina.com\/web\/wp-json\/wp\/v2\/types\/post"}],"author":[{"embeddable":true,"href":"https:\/\/ligamercedina.com\/web\/wp-json\/wp\/v2\/users\/1"}],"replies":[{"embeddable":true,"href":"https:\/\/ligamercedina.com\/web\/wp-json\/wp\/v2\/comments?post=229"}],"version-history":[{"count":0,"href":"https:\/\/ligamercedina.com\/web\/wp-json\/wp\/v2\/posts\/229\/revisions"}],"wp:attachment":[{"href":"https:\/\/ligamercedina.com\/web\/wp-json\/wp\/v2\/media?parent=229"}],"wp:term":[{"taxonomy":"category","embeddable":true,"href":"https:\/\/ligamercedina.com\/web\/wp-json\/wp\/v2\/categories?post=229"},{"taxonomy":"post_tag","embeddable":true,"href":"https:\/\/ligamercedina.com\/web\/wp-json\/wp\/v2\/tags?post=229"}],"curies":[{"name":"wp","href":"https:\/\/api.w.org\/{rel}","templated":true}]}}