{"id":22886,"date":"2018-08-19T20:57:50","date_gmt":"2018-08-19T23:57:50","guid":{"rendered":"https:\/\/ligamercedina.com\/web\/?p=22886"},"modified":"2018-08-19T21:01:06","modified_gmt":"2018-08-20T00:01:06","slug":"futbol-infantil-posiciones","status":"publish","type":"post","link":"https:\/\/ligamercedina.com\/web\/futbol-infantil-posiciones\/","title":{"rendered":"FUTBOL INFANTIL: POSICIONES"},"content":{"rendered":"\n<table class=\"wp-block-table has-fixed-layout\"><tbody><tr><td>\u00a0\u00a0\u00a0\u00a0\u00a0\u00a0\u00a0\u00a0\u00a0\u00a0\u00a0\u00a0\u00a0\u00a0 <strong>CATEGORIA 2009<\/strong><\/td><\/tr><tr><td>Equipos<\/td><td>PJ<\/td><td>PTS<\/td><\/tr><tr><td>Los Vascos<\/td><td>11<\/td><td>32<\/td><\/tr><tr><td>El Front\u00f3n<\/td><td>11<\/td><td>30<\/td><\/tr><tr><td>Estudiantes<\/td><td>11<\/td><td>27<\/td><\/tr><tr><td>Uni\u00f3n<\/td><td>12<\/td><td>27<\/td><\/tr><tr><td>Comunicaciones<\/td><td>12<\/td><td>26<\/td><\/tr><tr><td>Ateneo<\/td><td>11<\/td><td>25<\/td><\/tr><tr><td>Quilmes<\/td><td>10<\/td><td>20<\/td><\/tr><tr><td>Juventud<\/td><td>11<\/td><td>19<\/td><\/tr><tr><td>Mercedes<\/td><td>10<\/td><td>18<\/td><\/tr><tr><td>V\u00e9lez Sarsfield<\/td><td>11<\/td><td>16<\/td><\/tr><tr><td>Palometas FC<\/td><td>10<\/td><td>14<\/td><\/tr><tr><td>Defensores Jrs.<\/td><td>10<\/td><td>14<\/td><\/tr><tr><td>Mercedes \u00abA\u00bb<\/td><td>10<\/td><td>13<\/td><\/tr><tr><td>\u00a0\u00a0\u00a0\u00a0\u00a0\u00a0\u00a0\u00a0\u00a0\u00a0\u00a0\u00a0 \u00a0 \u00a0 <strong>CATEGORIA 2008<\/strong><\/td><\/tr><tr><td>Equipos<\/td><td>PJ<\/td><td>PTS<\/td><\/tr><tr><td>Los Vascos<\/td><td>11<\/td><td>30<\/td><\/tr><tr><td>Estudiantes<\/td><td>11<\/td><td>29<\/td><\/tr><tr><td>Juventud<\/td><td>11<\/td><td>28<\/td><\/tr><tr><td>Ateneo<\/td><td>11<\/td><td>27<\/td><\/tr><tr><td>Uni\u00f3n<\/td><td>12<\/td><td>24<\/td><\/tr><tr><td>Mercedes<\/td><td>11<\/td><td>22<\/td><\/tr><tr><td>El Front\u00f3n<\/td><td>11<\/td><td>21<\/td><\/tr><tr><td>Comunicaciones<\/td><td>12<\/td><td>21<\/td><\/tr><tr><td>Quilmes<\/td><td>10<\/td><td>20<\/td><\/tr><tr><td>V\u00e9lez Sarsfield<\/td><td>11<\/td><td>17<\/td><\/tr><tr><td>Mercedes \u00abA\u00bb<\/td><td>10<\/td><td>16<\/td><\/tr><tr><td>Palometas FC<\/td><td>10<\/td><td>14<\/td><\/tr><tr><td>Defensores Jrs.<\/td><td>10<\/td><td>13<\/td><\/tr><tr><td>\u00a0\u00a0\u00a0\u00a0\u00a0\u00a0\u00a0\u00a0\u00a0\u00a0\u00a0\u00a0 \u00a0 \u00a0 <strong>CATEGORIA 2007<\/strong><\/td><\/tr><tr><td>Equipos<\/td><td>PJ<\/td><td>PTS<\/td><\/tr><tr><td>Estudiantes<\/td><td>10<\/td><td>25<\/td><\/tr><tr><td>Los Vascos<\/td><td>11<\/td><td>25<\/td><\/tr><tr><td>Ateneo<\/td><td>11<\/td><td>24<\/td><\/tr><tr><td>Comunicaciones<\/td><td>12<\/td><td>24<\/td><\/tr><tr><td>Mercedes \u00abA\u00bb<\/td><td>10<\/td><td>23<\/td><\/tr><tr><td>Mercedes<\/td><td>10<\/td><td>22<\/td><\/tr><tr><td>Quilmes<\/td><td>10<\/td><td>22<\/td><\/tr><tr><td>V\u00e9lez Sarsfield<\/td><td>11<\/td><td>21<\/td><\/tr><tr><td>El Front\u00f3n<\/td><td>11<\/td><td>20<\/td><\/tr><tr><td>Juventud<\/td><td>10<\/td><td>19<\/td><\/tr><tr><td>Uni\u00f3n<\/td><td>12<\/td><td>19<\/td><\/tr><tr><td>Palometas FC<\/td><td>10<\/td><td>17<\/td><\/tr><tr><td>Defensores Jrs.<\/td><td>10<\/td><td>15<\/td><\/tr><\/tbody><\/table>\n","protected":false},"excerpt":{"rendered":"<p>\u00a0\u00a0\u00a0\u00a0\u00a0\u00a0\u00a0\u00a0\u00a0\u00a0\u00a0\u00a0\u00a0\u00a0 CATEGORIA 2009 Equipos PJ PTS Los Vascos 11 32 El Front\u00f3n 11 30 Estudiantes 11 27 Uni\u00f3n 12 27 Comunicaciones 12 26 Ateneo 11 25 Quilmes 10 20 Juventud 11 19 Mercedes 10 18 V\u00e9lez Sarsfield 11 16 Palometas FC 10 14 Defensores Jrs. 10 14 Mercedes \u00abA\u00bb 10 13 \u00a0\u00a0\u00a0\u00a0\u00a0\u00a0\u00a0\u00a0\u00a0\u00a0\u00a0\u00a0 \u00a0 \u00a0 CATEGORIA 2008 Equipos PJ PTS Los<\/p>\n","protected":false},"author":2,"featured_media":0,"comment_status":"open","ping_status":"open","sticky":false,"template":"","format":"standard","meta":{"footnotes":""},"categories":[4],"tags":[],"class_list":["post-22886","post","type-post","status-publish","format-standard","hentry","category-informaciongeneral"],"_links":{"self":[{"href":"https:\/\/ligamercedina.com\/web\/wp-json\/wp\/v2\/posts\/22886","targetHints":{"allow":["GET"]}}],"collection":[{"href":"https:\/\/ligamercedina.com\/web\/wp-json\/wp\/v2\/posts"}],"about":[{"href":"https:\/\/ligamercedina.com\/web\/wp-json\/wp\/v2\/types\/post"}],"author":[{"embeddable":true,"href":"https:\/\/ligamercedina.com\/web\/wp-json\/wp\/v2\/users\/2"}],"replies":[{"embeddable":true,"href":"https:\/\/ligamercedina.com\/web\/wp-json\/wp\/v2\/comments?post=22886"}],"version-history":[{"count":3,"href":"https:\/\/ligamercedina.com\/web\/wp-json\/wp\/v2\/posts\/22886\/revisions"}],"predecessor-version":[{"id":22890,"href":"https:\/\/ligamercedina.com\/web\/wp-json\/wp\/v2\/posts\/22886\/revisions\/22890"}],"wp:attachment":[{"href":"https:\/\/ligamercedina.com\/web\/wp-json\/wp\/v2\/media?parent=22886"}],"wp:term":[{"taxonomy":"category","embeddable":true,"href":"https:\/\/ligamercedina.com\/web\/wp-json\/wp\/v2\/categories?post=22886"},{"taxonomy":"post_tag","embeddable":true,"href":"https:\/\/ligamercedina.com\/web\/wp-json\/wp\/v2\/tags?post=22886"}],"curies":[{"name":"wp","href":"https:\/\/api.w.org\/{rel}","templated":true}]}}