{"id":22884,"date":"2018-08-19T19:08:27","date_gmt":"2018-08-19T22:08:27","guid":{"rendered":"https:\/\/ligamercedina.com\/web\/?p=22884"},"modified":"2018-08-19T19:08:29","modified_gmt":"2018-08-19T22:08:29","slug":"horarios-para-el-lunes","status":"publish","type":"post","link":"https:\/\/ligamercedina.com\/web\/horarios-para-el-lunes\/","title":{"rendered":"HORARIOS PARA EL LUNES"},"content":{"rendered":"\n<p><em><strong>PRIMERA DIVISION<br\/><\/strong><\/em><em><strong><\/strong><\/em><\/p>\n\n\n\n<p><em><strong>Cancha Liga Mercedina<\/strong><\/em><br\/>11:00 hs. Uni\u00f3n Vs. Defensores Juniors<br\/>13:00 hs. Estudiantes Vs. Holanda<br\/>15:00 hs. Palometas Vs. Quilmes<br\/>17:00 hs. V\u00e9lez Sarsfield Vs. AMEFIP<\/p>\n\n\n\n<p><em><strong>Cancha Costa Brava<\/strong><\/em><br\/>15:00 hs. Costa Brava Vs. El Front\u00f3n<\/p>\n\n\n\n<p><em><strong>Cancha Pabell\u00f3n Argentino<\/strong><\/em><br\/>15:15 hs. Pabell\u00f3n Argentino Vs. Ateneo<\/p>\n\n\n\n<blockquote class=\"wp-block-quote is-layout-flow wp-block-quote-is-layout-flow\"><p><strong>RESERVA<\/strong><\/p><\/blockquote>\n\n\n\n<p><em><strong>Cancha Quilmes<\/strong><\/em><br\/>15:30 hs. Estudiantes Vs. Holanda<\/p>\n\n\n\n<p><em><strong>Cancha V\u00e9lez Sarsfield<\/strong><\/em><br\/>13:30 hs. V\u00e9lez Sarsfield Vs. AMEFIP<br\/>15:30 hs. Col\u00f3n Vs. El Tim\u00f3n<\/p>\n\n\n\n<p><em><strong>Cancha Ateneo<\/strong><\/em><br\/>13:30 hs. Pe\u00f1a Xeneize Vs. Comunicaciones<br\/>15:30 hs. Uni\u00f3n Vs. Defensores Juniors<\/p>\n\n\n\n<p><em><strong>Cancha Costa Brava<\/strong><\/em><br\/>13:00 hs. Costa Brava Vs. El Front\u00f3n<\/p>\n\n\n\n<p><em><strong>Cancha Pabell\u00f3n Argentino<\/strong><\/em><br\/>13:15 hs. Pabell\u00f3n ArgentiNo Vs. Ateneo<\/p>\n\n\n\n<blockquote class=\"wp-block-quote is-layout-flow wp-block-quote-is-layout-flow\"><p><strong>INFANTIL\u00a0<\/strong><\/p><\/blockquote>\n\n\n\n<p>Defensores Vs. Mercedes, Palometas Vs. Los Vascos,\u00a0Mercedes \u201cA\u201d Vs. Quilmes<br\/>13:00 hs. Categor\u00eda Promocional<br\/>14:00 hs. Categor\u00eda 2009<br\/>15:00 hs. Categor\u00eda 2008<br\/>16:00 hs. Categor\u00eda 2007<\/p>\n\n\n\n<blockquote class=\"wp-block-quote is-layout-flow wp-block-quote-is-layout-flow\"><p><strong>JUVENIL \u2013<\/strong><\/p><\/blockquote>\n\n\n\n<p>Defensores Vs. Mercedes<br\/>12:00 hs. Categor\u00eda 2005<br\/>13:15 hs. Categor\u00eda 2006<br\/>14:30 hs. Categor\u00eda 2003<br\/>15:45 hs. Categor\u00eda 5\u00aa Divisi\u00f3n<\/p>\n\n\n\n<p>Mercedes \u201cA\u201d VS. Quilmes<\/p>\n\n\n\n<p>11:00 hs. Categor\u00eda 2004<br\/>12:15 hs. Categor\u00eda 2005<br\/>13:30 hs. Categor\u00eda 2006<br\/>14:45 hs. Categor\u00eda 2003<br\/>16:00 hs. Categor\u00eda 5\u00aa Divisi\u00f3n<\/p>\n\n\n\n<p>Palometas \u2013 Los Vascos -Pendiente Fecha 13-<br\/>12:00 hs. Categor\u00eda 2004<br\/>13:15 hs. Categor\u00eda 2005<br\/>14:30 hs. Categor\u00eda 2006<br\/>15:45 hs. Categor\u00eda 2003<\/p>\n","protected":false},"excerpt":{"rendered":"<p>PRIMERA DIVISION Cancha Liga Mercedina11:00 hs. Uni\u00f3n Vs. Defensores Juniors13:00 hs. Estudiantes Vs. Holanda15:00 hs. Palometas Vs. Quilmes17:00 hs. V\u00e9lez Sarsfield Vs. AMEFIP Cancha Costa Brava15:00 hs. Costa Brava Vs. El Front\u00f3n Cancha Pabell\u00f3n Argentino15:15 hs. Pabell\u00f3n Argentino Vs. Ateneo RESERVA Cancha Quilmes15:30 hs. Estudiantes Vs. Holanda Cancha V\u00e9lez Sarsfield13:30 hs. V\u00e9lez Sarsfield Vs. AMEFIP15:30 hs. Col\u00f3n Vs. El Tim\u00f3n<\/p>\n","protected":false},"author":2,"featured_media":0,"comment_status":"open","ping_status":"open","sticky":false,"template":"","format":"standard","meta":{"footnotes":""},"categories":[4],"tags":[],"class_list":["post-22884","post","type-post","status-publish","format-standard","hentry","category-informaciongeneral"],"_links":{"self":[{"href":"https:\/\/ligamercedina.com\/web\/wp-json\/wp\/v2\/posts\/22884","targetHints":{"allow":["GET"]}}],"collection":[{"href":"https:\/\/ligamercedina.com\/web\/wp-json\/wp\/v2\/posts"}],"about":[{"href":"https:\/\/ligamercedina.com\/web\/wp-json\/wp\/v2\/types\/post"}],"author":[{"embeddable":true,"href":"https:\/\/ligamercedina.com\/web\/wp-json\/wp\/v2\/users\/2"}],"replies":[{"embeddable":true,"href":"https:\/\/ligamercedina.com\/web\/wp-json\/wp\/v2\/comments?post=22884"}],"version-history":[{"count":1,"href":"https:\/\/ligamercedina.com\/web\/wp-json\/wp\/v2\/posts\/22884\/revisions"}],"predecessor-version":[{"id":22885,"href":"https:\/\/ligamercedina.com\/web\/wp-json\/wp\/v2\/posts\/22884\/revisions\/22885"}],"wp:attachment":[{"href":"https:\/\/ligamercedina.com\/web\/wp-json\/wp\/v2\/media?parent=22884"}],"wp:term":[{"taxonomy":"category","embeddable":true,"href":"https:\/\/ligamercedina.com\/web\/wp-json\/wp\/v2\/categories?post=22884"},{"taxonomy":"post_tag","embeddable":true,"href":"https:\/\/ligamercedina.com\/web\/wp-json\/wp\/v2\/tags?post=22884"}],"curies":[{"name":"wp","href":"https:\/\/api.w.org\/{rel}","templated":true}]}}