{"id":22880,"date":"2018-08-19T10:44:08","date_gmt":"2018-08-19T13:44:08","guid":{"rendered":"https:\/\/ligamercedina.com\/web\/?p=22880"},"modified":"2018-08-19T10:44:10","modified_gmt":"2018-08-19T13:44:10","slug":"infanto-juvenil-resultados-fecha-14","status":"publish","type":"post","link":"https:\/\/ligamercedina.com\/web\/infanto-juvenil-resultados-fecha-14\/","title":{"rendered":"INFANTO-JUVENIL: RESULTADOS FECHA 14"},"content":{"rendered":"\n<p><strong>LOS VASCOS \u2013 PABELLON ARGENTIINO<\/strong><\/p>\n\n\n\n<p>Categor\u00eda 2006: 1 \u2013 0 <\/p>\n\n\n\n<p>Categor\u00eda 2005: 1 \u2013 0 <\/p>\n\n\n\n<p>Categor\u00eda 2004: 0 \u2013 0 <\/p>\n\n\n\n<p>Categor\u00eda 2003: 2 \u2013 1 <\/p>\n\n\n\n<p><strong>JUVENTUD \u2013 ESTUDIANTES<\/strong><\/p>\n\n\n\n<p>Categor\u00eda 2009: 1 (Salvador Cabrio) \u2013 1 (Pedro Murrie)<\/p>\n\n\n\n<p>Categor\u00eda 2008: 3 (Dante Gonz\u00e1lez, Santiago Llera, Bautista Su\u00e1rez) &#8211; 2 (Nicol\u00e1s Despalanques, Tom\u00e1s Di Pasquo)<\/p>\n\n\n\n<p>Categor\u00eda 2007: 1 (Gregorio Villarreal) \u2013 0\u00a0\u00a0 -suspendido por lluvia en el entretiempo-<\/p>\n\n\n\n<p>Categor\u00eda 2006: 0 \u2013 1 (Nazareno Contreras) <\/p>\n\n\n\n<p>Categor\u00eda 2005: 0 \u2013 4 ( Mat\u00edas Albanese 2, Lucas Barrag\u00e1n, Sebasti\u00e1n Gonz\u00e1lez)<\/p>\n\n\n\n<p>Categor\u00eda 2004: 3 (Mateo Escudero, Jorge Gonz\u00e1lez 2) \u2013 2 (Agust\u00edn Lucero, Rodrigo Ponce)<\/p>\n\n\n\n<p>Categor\u00eda 2003: 1 (Felipe Lena\u00edn) \u2013 0 <\/p>\n\n\n\n<p>Categor\u00eda 5a: 2 (Rodrigo Pancera, Santiago Su\u00e1rez) \u2013 1 (Cristian Lombardo)<\/p>\n\n\n\n<p><strong>COMUNICACIONES \u2013 PALOMETAS<\/strong><\/p>\n\n\n\n<p>Categor\u00eda 2009: 6 (Valentino Biscardi, Uriel Franco, Tob\u00edas Paj\u00f3n, Bautista Torre, Ian Vega) \u2013 1 (Tom\u00e1s Larroque)<\/p>\n\n\n\n<p>Categor\u00eda 2008: 0 \u2013 0 <\/p>\n\n\n\n<p>Categor\u00eda 2007: 2 (Juan Barigozzi, Braian Franco) \u2013 0 <\/p>\n\n\n\n<p>Categor\u00eda 2006: 0 \u2013 6 (Nicol\u00e1s Beroisa, Agust\u00edn Contardi, Mateo Gonz\u00e1lez, Tom\u00e1s Olivieri, Germ\u00e1n De Rosas 2) <\/p>\n\n\n\n<p>Categor\u00eda 2005: 1 (Cristian Burgos) \u2013 0 <\/p>\n\n\n\n<p>Categor\u00eda 2004: 0 \u2013 1 (Felipe Aschero)<\/p>\n\n\n\n<p>Categor\u00eda 5a: 1 (El\u00edas Moreno) \u2013 1 (Lucas Fern\u00e1ndez)<\/p>\n\n\n\n<p><strong>ATENEO \u2013 EL FRONTON<\/strong><\/p>\n\n\n\n<p>Categor\u00eda 2009: 0 \u2013 4 (Facundo Casaretto, M\u00e1ximo Gelves 2, Zen\u00f3n Valeckas)<\/p>\n\n\n\n<p>Categor\u00eda 2008: 1 (Brandon Leguizam\u00f3n) \u2013 1 (Luca Lazcano)<\/p>\n\n\n\n<p>Categor\u00eda 2007: 0 \u2013 0 <\/p>\n\n\n\n<p>Categor\u00eda 2006: 3 (Tiziano Romagnoli, Marino Avalle 2) \u2013 0 <\/p>\n\n\n\n<p>Categor\u00eda 2005: 0 \u2013 6 (Kevin Bra\u00f1as 2, Santiago G\u00f3mez, Luca Lencina, Enzo Serrano 2)<\/p>\n\n\n\n<p>Categor\u00eda 2004: 1 (Bautista Bessega) \u2013 1 (Renzo Miano) <\/p>\n\n\n\n<p>Categor\u00eda 2003: 0 \u2013 3 (Ulises Lucena, Milton Pacheco, Facundo Puglieli)<\/p>\n\n\n\n<p>Categor\u00eda 5a: 1 (Tom\u00e1s Landeyra) \u2013 0 <\/p>\n\n\n\n<p><strong>VELEZ \u2013 UNION<\/strong><strong><\/strong><\/p>\n\n\n\n<p>Categor\u00eda 2009: 1 (Lautaro Sigel) \u2013 0<\/p>\n\n\n\n<p>Categor\u00eda 2008: 0 \u2013 2 Luca D\u00edaz, Thiago Su\u00e1rez)<\/p>\n\n\n\n<p>Categor\u00eda 2007: 1 (Gustavo Morales) \u2013 0 <\/p>\n\n\n\n<p>Categor\u00eda 2006: 0 \u2013 6 (Santiago Bustos, Lautaro Climi\u00f1o, Brandon Moreno 2, Mat\u00edas Siri, Julio Zunino)<\/p>\n\n\n\n<p>Categor\u00eda 2004: 2 (Paulo Gim\u00e9nez, Kevin Pucheta) \u2013 0 <\/p>\n\n\n\n<p>Categor\u00eda 2003: 1 (Lucas Sosa) \u2013 0 <\/p>\n\n\n\n<p>Categor\u00eda 5a: 2 (Dante D\u00edaz, Leandro Texeira) \u2013 2 (Gabriel Aguilar 2)<\/p>\n","protected":false},"excerpt":{"rendered":"<p>LOS VASCOS \u2013 PABELLON ARGENTIINO Categor\u00eda 2006: 1 \u2013 0 Categor\u00eda 2005: 1 \u2013 0 Categor\u00eda 2004: 0 \u2013 0 Categor\u00eda 2003: 2 \u2013 1 JUVENTUD \u2013 ESTUDIANTES Categor\u00eda 2009: 1 (Salvador Cabrio) \u2013 1 (Pedro Murrie) Categor\u00eda 2008: 3 (Dante Gonz\u00e1lez, Santiago Llera, Bautista Su\u00e1rez) &#8211; 2 (Nicol\u00e1s Despalanques, Tom\u00e1s Di Pasquo) Categor\u00eda 2007: 1 (Gregorio Villarreal) \u2013 0\u00a0\u00a0<\/p>\n","protected":false},"author":2,"featured_media":0,"comment_status":"open","ping_status":"open","sticky":false,"template":"","format":"standard","meta":{"footnotes":""},"categories":[4],"tags":[],"class_list":["post-22880","post","type-post","status-publish","format-standard","hentry","category-informaciongeneral"],"_links":{"self":[{"href":"https:\/\/ligamercedina.com\/web\/wp-json\/wp\/v2\/posts\/22880","targetHints":{"allow":["GET"]}}],"collection":[{"href":"https:\/\/ligamercedina.com\/web\/wp-json\/wp\/v2\/posts"}],"about":[{"href":"https:\/\/ligamercedina.com\/web\/wp-json\/wp\/v2\/types\/post"}],"author":[{"embeddable":true,"href":"https:\/\/ligamercedina.com\/web\/wp-json\/wp\/v2\/users\/2"}],"replies":[{"embeddable":true,"href":"https:\/\/ligamercedina.com\/web\/wp-json\/wp\/v2\/comments?post=22880"}],"version-history":[{"count":1,"href":"https:\/\/ligamercedina.com\/web\/wp-json\/wp\/v2\/posts\/22880\/revisions"}],"predecessor-version":[{"id":22881,"href":"https:\/\/ligamercedina.com\/web\/wp-json\/wp\/v2\/posts\/22880\/revisions\/22881"}],"wp:attachment":[{"href":"https:\/\/ligamercedina.com\/web\/wp-json\/wp\/v2\/media?parent=22880"}],"wp:term":[{"taxonomy":"category","embeddable":true,"href":"https:\/\/ligamercedina.com\/web\/wp-json\/wp\/v2\/categories?post=22880"},{"taxonomy":"post_tag","embeddable":true,"href":"https:\/\/ligamercedina.com\/web\/wp-json\/wp\/v2\/tags?post=22880"}],"curies":[{"name":"wp","href":"https:\/\/api.w.org\/{rel}","templated":true}]}}