{"id":22814,"date":"2018-08-12T20:13:32","date_gmt":"2018-08-12T23:13:32","guid":{"rendered":"https:\/\/ligamercedina.com\/web\/?p=22814"},"modified":"2018-08-12T20:13:32","modified_gmt":"2018-08-12T23:13:32","slug":"primera-division-adelanto-de-horarios-para-la-proxima-fecha","status":"publish","type":"post","link":"https:\/\/ligamercedina.com\/web\/primera-division-adelanto-de-horarios-para-la-proxima-fecha\/","title":{"rendered":"PRIMERA DIVISION: ADELANTO DE HORARIOS PARA LA PROXIMA FECHA"},"content":{"rendered":"<p><em><strong>S\u00e1bado 18 de agosto, cancha Liga Mercedina<\/strong><\/em><br \/>\n13:00 hs. Col\u00f3n Vs. El Tim\u00f3n<br \/>\n15:00 hs. Pe\u00f1a Xeneize Vs. Comunicaciones<br \/>\n17:00 hs. Trocha Vs. Juventud<br \/>\n19:00 hs. Mercedes Vs. Atl\u00e9tico Marcos Paz<\/p>\n<p><em><strong>Domingo 19 de agosto, cancha Liga Mercedina<\/strong><\/em><br \/>\n11:00 hs. Uni\u00f3n Vs. Defensores Juniors<br \/>\n13:00 hs. Estudiantes Vs. Holanda<br \/>\n15:00 hs. Palometas Vs. Quilmes<br \/>\n17:00 hs. V\u00e9lez Sarsfield Vs. AMEFIP<\/p>\n<p><em><strong>A confirmar<\/strong><\/em><br \/>\nCosta Brava Vs. El Front\u00f3n<\/p>\n<p><em><strong>A confirmar<\/strong><\/em><br \/>\nPabell\u00f3n Argentnio Vs. Ateneo<\/p>\n","protected":false},"excerpt":{"rendered":"<p>S\u00e1bado 18 de agosto, cancha Liga Mercedina 13:00 hs. Col\u00f3n Vs. El Tim\u00f3n 15:00 hs. Pe\u00f1a Xeneize Vs. Comunicaciones 17:00 hs. Trocha Vs. Juventud 19:00 hs. Mercedes Vs. Atl\u00e9tico Marcos Paz Domingo 19 de agosto, cancha Liga Mercedina 11:00 hs. Uni\u00f3n Vs. Defensores Juniors 13:00 hs. Estudiantes Vs. Holanda 15:00 hs. Palometas Vs. Quilmes 17:00 hs. V\u00e9lez Sarsfield Vs. AMEFIP<\/p>\n","protected":false},"author":2,"featured_media":0,"comment_status":"open","ping_status":"open","sticky":false,"template":"","format":"standard","meta":{"footnotes":""},"categories":[4],"tags":[],"class_list":["post-22814","post","type-post","status-publish","format-standard","hentry","category-informaciongeneral"],"_links":{"self":[{"href":"https:\/\/ligamercedina.com\/web\/wp-json\/wp\/v2\/posts\/22814","targetHints":{"allow":["GET"]}}],"collection":[{"href":"https:\/\/ligamercedina.com\/web\/wp-json\/wp\/v2\/posts"}],"about":[{"href":"https:\/\/ligamercedina.com\/web\/wp-json\/wp\/v2\/types\/post"}],"author":[{"embeddable":true,"href":"https:\/\/ligamercedina.com\/web\/wp-json\/wp\/v2\/users\/2"}],"replies":[{"embeddable":true,"href":"https:\/\/ligamercedina.com\/web\/wp-json\/wp\/v2\/comments?post=22814"}],"version-history":[{"count":1,"href":"https:\/\/ligamercedina.com\/web\/wp-json\/wp\/v2\/posts\/22814\/revisions"}],"predecessor-version":[{"id":22815,"href":"https:\/\/ligamercedina.com\/web\/wp-json\/wp\/v2\/posts\/22814\/revisions\/22815"}],"wp:attachment":[{"href":"https:\/\/ligamercedina.com\/web\/wp-json\/wp\/v2\/media?parent=22814"}],"wp:term":[{"taxonomy":"category","embeddable":true,"href":"https:\/\/ligamercedina.com\/web\/wp-json\/wp\/v2\/categories?post=22814"},{"taxonomy":"post_tag","embeddable":true,"href":"https:\/\/ligamercedina.com\/web\/wp-json\/wp\/v2\/tags?post=22814"}],"curies":[{"name":"wp","href":"https:\/\/api.w.org\/{rel}","templated":true}]}}