{"id":22798,"date":"2018-08-11T20:36:47","date_gmt":"2018-08-11T23:36:47","guid":{"rendered":"https:\/\/ligamercedina.com\/web\/?p=22798"},"modified":"2018-08-11T20:36:47","modified_gmt":"2018-08-11T23:36:47","slug":"infanto-juvenil-resultados-fecha-13-4","status":"publish","type":"post","link":"https:\/\/ligamercedina.com\/web\/infanto-juvenil-resultados-fecha-13-4\/","title":{"rendered":"INFANTO &#8211; JUVENIL: RESULTADOS FECHA 13"},"content":{"rendered":"<p><strong>ATLETICO MARCOS PAZ &#8211; VELEZ SARSFIELD<\/strong><br \/>\nCategor\u00eda 2006: 8(Alexander Araujo 2, Luciano Cabrera, Lucas Correa, Carlos Gim\u00e9nez, Xuan Mart\u00ednez, Ignacio Rodr\u00edguez, Sebasti\u00e1n Ibarra) &#8211; 0<br \/>\nCategor\u00eda 2004: 1 (Miguel Sosa) &#8211; 0<br \/>\nCategor\u00eda 2003: 2 (Santiago Arga\u00f1araz, Nicol\u00e1s Serrano) &#8211; 0<br \/>\nCategor\u00eda 5a: 2 (Lautaro Ligorria 2) &#8211; 2 (Dante D\u00edaz 2)<\/p>\n<p><strong>MERCEDES &#8211; COMUNICACIONES<\/strong><br \/>\nCategor\u00eda 2009: 2 (Zen\u00f3n Garc\u00eda, Santino Paoletta) &#8211; 0<br \/>\nCategor\u00eda 2008: 2 (Tiago Moreno, Franco Sabic) &#8211; 4 (Bautista Cruz, Thiago Maldonado, Rodrigo Medina 2)<br \/>\nCategor\u00eda 2007: 2 (Joaqu\u00edn Lanegrasse, Bautista Murrie) &#8211; 1 (Kevin Carreras)<br \/>\nCategor\u00eda 2006: 4 (Lautaro Herrera, Agust\u00edn Rebagliatti, C\u00e9sar Sanmart\u00edn, Felipe Espinetta) &#8211; 0<br \/>\nCategor\u00eda 2005: 1 (Pablo D\u00edaz) &#8211; 0<br \/>\nCategor\u00eda 2004: 3 (Tom\u00e1s Martino, Josu\u00e9 Moretti, Jer\u00f3nimo Riolfo) &#8211; 0<br \/>\nCategor\u00eda 5a: 3 (Juli\u00e1n B\u00edsforo, Jerem\u00edas Quintana 2) &#8211; 0 <\/p>\n<p><strong>UNION &#8211; MERCEDES \u00abA\u00bb<\/strong><br \/>\nCategor\u00eda 2009: 3 (Benjam\u00edn Calder\u00f3n, Alexis Mandrini, Ramiro Perucchi) &#8211; 2 (Ciro Flores, Bruno S\u00e1nchez)<br \/>\nCategor\u00eda 2008: 0 &#8211; 0<br \/>\nCategor\u00eda 2007: 0 &#8211; 1 (Thiago Caraballo)<br \/>\nCategor\u00eda 2006: 1 (Brandon Moreno) &#8211; 0<br \/>\nCategor\u00eda 2005: 2 (Thiago Bern\u00e1rdez, Iv\u00e1n Gauna) &#8211; 1 (Facundo Cardinale)<br \/>\nCategor\u00eda 2004: 1 (Lautaro Guzm\u00e1n) &#8211; 1<br \/>\nCategor\u00eda 2003: 3 (Nahuel D\u00edaz 2, Jerem\u00edas D\u00edaz) &#8211; 4 (Juan Basile, Fausto Chico 2, Nicol\u00e1s Gonz\u00e1lez)<br \/>\nCategor\u00eda 5a: 1 (Juan M\u00e1rquez) &#8211; 7 (Mateo Bianco 2, Esteban Gonz\u00e1lez, Franco Novo 2, Santino Ustarroz 2) <\/p>\n<p><strong>EL FRONTON &#8211; JUVENTUD<\/strong><br \/>\nCategor\u00eda 2009: 2 (Benjam\u00edn Ghessi, Dante Riquelme) &#8211; 0<br \/>\nCategor\u00eda 2008: 0 &#8211; 3 (Dante Gonz\u00e1lez, Santiago Llera, Bautista Su\u00e1rez)<br \/>\nCategor\u00eda 2007: 0 &#8211; 1 (Juan Guarizola)<br \/>\nCategor\u00eda 2006: 0 &#8211; 0<br \/>\nCategor\u00eda 2005: 3 (Kevin Bra\u00f1as, Santiago G\u00f3mez, M\u00e1ximo Mart\u00edn) &#8211; 0<br \/>\nCategor\u00eda 2004: 2 (Mateo C\u00f3rdoba, Augusto Rossi) &#8211; 1 (Jorge G\u00f3nz\u00e1lez)<br \/>\nCategor\u00eda 2003: 3 (Milton Pacheco 2, Tom\u00e1s Acosta) &#8211; 0<br \/>\nCategor\u00eda 5a: 0 &#8211; 0 <\/p>\n<p><strong>ESTUDIANTES &#8211; DEFENSORES JUNIORS<\/strong><br \/>\nCategor\u00eda 2009: 2 (Bautista Marchessini, Pedro Murrie) &#8211; 0<br \/>\nCategor\u00eda 2008: 2 (Tob\u00edas Barbon, Dante Quiroga) &#8211; 0<br \/>\nCategor\u00eda 2007: 1 (Thiago Guti\u00e9rrez) &#8211; 0<br \/>\nCategor\u00eda 2006: 4 (Franco Adorno 2, Tom\u00e1s Despalanques, Gabriel Trejo) &#8211; 1 (Tiago R\u00edos)<br \/>\nCategor\u00eda 2005: 5 (Mat\u00edas Albanese, Lucas Barrag\u00e1n, Gonzalo Duarte, Sebasti\u00e1n Gonz\u00e1lez, Mateo Zammitto) &#8211; 0<br \/>\nCategor\u00eda 2003: 2 (Javier Moyano 2) &#8211; 1 (Julio Komar)<br \/>\nCategor\u00eda 5a: 2 (Leandro Tosoroni, Manuel Vignau) &#8211; 4 (Lucas Guti\u00e9rrez, Esteban Reinoso, Ignacio Romero 2)<\/p>\n","protected":false},"excerpt":{"rendered":"<p>ATLETICO MARCOS PAZ &#8211; VELEZ SARSFIELD Categor\u00eda 2006: 8(Alexander Araujo 2, Luciano Cabrera, Lucas Correa, Carlos Gim\u00e9nez, Xuan Mart\u00ednez, Ignacio Rodr\u00edguez, Sebasti\u00e1n Ibarra) &#8211; 0 Categor\u00eda 2004: 1 (Miguel Sosa) &#8211; 0 Categor\u00eda 2003: 2 (Santiago Arga\u00f1araz, Nicol\u00e1s Serrano) &#8211; 0 Categor\u00eda 5a: 2 (Lautaro Ligorria 2) &#8211; 2 (Dante D\u00edaz 2) MERCEDES &#8211; COMUNICACIONES Categor\u00eda 2009: 2 (Zen\u00f3n Garc\u00eda,<\/p>\n","protected":false},"author":2,"featured_media":0,"comment_status":"open","ping_status":"open","sticky":false,"template":"","format":"standard","meta":{"footnotes":""},"categories":[4],"tags":[],"class_list":["post-22798","post","type-post","status-publish","format-standard","hentry","category-informaciongeneral"],"_links":{"self":[{"href":"https:\/\/ligamercedina.com\/web\/wp-json\/wp\/v2\/posts\/22798","targetHints":{"allow":["GET"]}}],"collection":[{"href":"https:\/\/ligamercedina.com\/web\/wp-json\/wp\/v2\/posts"}],"about":[{"href":"https:\/\/ligamercedina.com\/web\/wp-json\/wp\/v2\/types\/post"}],"author":[{"embeddable":true,"href":"https:\/\/ligamercedina.com\/web\/wp-json\/wp\/v2\/users\/2"}],"replies":[{"embeddable":true,"href":"https:\/\/ligamercedina.com\/web\/wp-json\/wp\/v2\/comments?post=22798"}],"version-history":[{"count":1,"href":"https:\/\/ligamercedina.com\/web\/wp-json\/wp\/v2\/posts\/22798\/revisions"}],"predecessor-version":[{"id":22800,"href":"https:\/\/ligamercedina.com\/web\/wp-json\/wp\/v2\/posts\/22798\/revisions\/22800"}],"wp:attachment":[{"href":"https:\/\/ligamercedina.com\/web\/wp-json\/wp\/v2\/media?parent=22798"}],"wp:term":[{"taxonomy":"category","embeddable":true,"href":"https:\/\/ligamercedina.com\/web\/wp-json\/wp\/v2\/categories?post=22798"},{"taxonomy":"post_tag","embeddable":true,"href":"https:\/\/ligamercedina.com\/web\/wp-json\/wp\/v2\/tags?post=22798"}],"curies":[{"name":"wp","href":"https:\/\/api.w.org\/{rel}","templated":true}]}}