{"id":22792,"date":"2018-08-11T08:27:14","date_gmt":"2018-08-11T11:27:14","guid":{"rendered":"https:\/\/ligamercedina.com\/web\/?p=22792"},"modified":"2018-08-11T08:27:14","modified_gmt":"2018-08-11T11:27:14","slug":"todos-los-partidos-del-sabado","status":"publish","type":"post","link":"https:\/\/ligamercedina.com\/web\/todos-los-partidos-del-sabado\/","title":{"rendered":"TODOS LOS PARTIDOS DEL SABADO"},"content":{"rendered":"<blockquote><p><strong>PRIMERA DIVISION<\/strong><\/p><\/blockquote>\n<p><em><strong>S\u00e1bado 11 de agosto, cancha Liga Mercedina<\/strong><\/em><br \/>\n13:00 hs. Quilmes Vs. Uni\u00f3n<br \/>\n15:00 hs. Comunicaciones Vs. Mercedes<br \/>\n17:00 hs. Ateneo Vs. Col\u00f3n de Luj\u00e1n<\/p>\n<p><em><strong>S\u00e1bado 11 de agosto, cancha El Front\u00f3n<\/strong><\/em><br \/>\n17:15 hs. El Front\u00f3n Vs. V\u00e9lez<\/p>\n<blockquote><p><strong>RESERVA<\/strong><\/p><\/blockquote>\n<p><em><strong>S\u00e1bado 11 de agosto, cancha V\u00e9lez Sarsfield<\/strong><\/em><br \/>\n13:00 hs. Holanda Vs. Pe\u00f1a Xeneize<br \/>\n15:00 hs. Defensores Vs. Trocha<\/p>\n<p><em><strong>S\u00e1bado 11 de agosto, cancha Ateneo<\/strong><\/em><br \/>\n13:00 hs. Ateneo Vs. Col\u00f3n<br \/>\n15:00 hs. AMEFIP Vs. Palometas<\/p>\n<p><em><strong>S\u00e1bado 11 de agosto, cancha El Front\u00f3n<\/strong><\/em><br \/>\n19:15 hs. El Front\u00f3n Vs. V\u00e9lez<\/p>\n<blockquote><p><strong>INFANTIL<\/strong><\/p><\/blockquote>\n<p>Mercedes Vs. Comunicaciones, Estudiantes Vs Defensores, El Front\u00f3n Vs. Juventud, Uni\u00f3n Vs. Mercedes \u201cA\u201d<br \/>\n13:00 hs. Categor\u00eda Promocional<br \/>\n14:00 hs. Categor\u00eda 2009<br \/>\n15:00 hs. Categor\u00eda 2008<br \/>\n16:00 hs. Categor\u00eda 2007<\/p>\n<blockquote><p><strong>JUVENIL<\/strong><\/p><\/blockquote>\n<p>El Front\u00f3n Vs. Juventud, Uni\u00f3n Vs. Mercedes \u201cA\u201d<br \/>\n11:00 hs. Categor\u00eda 2004<br \/>\n12:15 hs. Categor\u00eda 2005<br \/>\n13:30 hs. Categor\u00eda 2006<br \/>\n14:45 hs. Categor\u00eda 2003<br \/>\n16:00 hs. Categor\u00eda 5\u00aa Divisi\u00f3n<\/p>\n<p>Estudiantes Vs Defensores,<br \/>\n12:00 hs. Categor\u00eda 2005<br \/>\n13:00 hs. Categor\u00eda 2006<br \/>\n14:30 hs. Categor\u00eda 2003<br \/>\n15:45 hs. Categor\u00eda 5\u00aa Divisi\u00f3n<\/p>\n<p>Mercedes Vs. Comunicaciones,<br \/>\n12:00 hs. Categor\u00eda 2004<br \/>\n13:15 hs. Categor\u00eda 2005<br \/>\n14:30 hs. Categor\u00eda 2006<br \/>\n15:45 hs. Categor\u00eda 5\u00aa Divisi\u00f3n<\/p>\n<p>Atl\u00e9tico Marcos Paz Vs. V\u00e9lez<br \/>\n12:00 hs. Categor\u00eda 2004<br \/>\n13:15 hs. Categor\u00eda 2006<br \/>\n14:30 hs. Categor\u00eda 2003<br \/>\n15:45 hs. Categor\u00eda 5\u00aa Divisi\u00f3n<\/p>\n","protected":false},"excerpt":{"rendered":"<p>PRIMERA DIVISION S\u00e1bado 11 de agosto, cancha Liga Mercedina 13:00 hs. Quilmes Vs. Uni\u00f3n 15:00 hs. Comunicaciones Vs. Mercedes 17:00 hs. Ateneo Vs. Col\u00f3n de Luj\u00e1n S\u00e1bado 11 de agosto, cancha El Front\u00f3n 17:15 hs. El Front\u00f3n Vs. V\u00e9lez RESERVA S\u00e1bado 11 de agosto, cancha V\u00e9lez Sarsfield 13:00 hs. Holanda Vs. Pe\u00f1a Xeneize 15:00 hs. Defensores Vs. Trocha S\u00e1bado 11<\/p>\n","protected":false},"author":2,"featured_media":0,"comment_status":"open","ping_status":"open","sticky":false,"template":"","format":"standard","meta":{"footnotes":""},"categories":[4],"tags":[],"class_list":["post-22792","post","type-post","status-publish","format-standard","hentry","category-informaciongeneral"],"_links":{"self":[{"href":"https:\/\/ligamercedina.com\/web\/wp-json\/wp\/v2\/posts\/22792","targetHints":{"allow":["GET"]}}],"collection":[{"href":"https:\/\/ligamercedina.com\/web\/wp-json\/wp\/v2\/posts"}],"about":[{"href":"https:\/\/ligamercedina.com\/web\/wp-json\/wp\/v2\/types\/post"}],"author":[{"embeddable":true,"href":"https:\/\/ligamercedina.com\/web\/wp-json\/wp\/v2\/users\/2"}],"replies":[{"embeddable":true,"href":"https:\/\/ligamercedina.com\/web\/wp-json\/wp\/v2\/comments?post=22792"}],"version-history":[{"count":1,"href":"https:\/\/ligamercedina.com\/web\/wp-json\/wp\/v2\/posts\/22792\/revisions"}],"predecessor-version":[{"id":22793,"href":"https:\/\/ligamercedina.com\/web\/wp-json\/wp\/v2\/posts\/22792\/revisions\/22793"}],"wp:attachment":[{"href":"https:\/\/ligamercedina.com\/web\/wp-json\/wp\/v2\/media?parent=22792"}],"wp:term":[{"taxonomy":"category","embeddable":true,"href":"https:\/\/ligamercedina.com\/web\/wp-json\/wp\/v2\/categories?post=22792"},{"taxonomy":"post_tag","embeddable":true,"href":"https:\/\/ligamercedina.com\/web\/wp-json\/wp\/v2\/tags?post=22792"}],"curies":[{"name":"wp","href":"https:\/\/api.w.org\/{rel}","templated":true}]}}