{"id":22789,"date":"2018-08-10T23:14:18","date_gmt":"2018-08-11T02:14:18","guid":{"rendered":"https:\/\/ligamercedina.com\/web\/?p=22789"},"modified":"2018-08-10T23:15:23","modified_gmt":"2018-08-11T02:15:23","slug":"federacion-norte-torneo-sub-13","status":"publish","type":"post","link":"https:\/\/ligamercedina.com\/web\/federacion-norte-torneo-sub-13\/","title":{"rendered":"FEDERACION NORTE: TORNEO SUB 13"},"content":{"rendered":"<p><strong>La Federaci\u00f3n Norte de F\u00fatbol ha enviado a la Liga Mercedina nota de invitaci\u00f3n a participar al Torneo de Equipos en la Categor\u00eda  Sub 13, organizado por dicha entidad.<br \/>\nEn ese sentido hay plazo de inscripci\u00f3n hasta el pr\u00f3ximo 31 de agosto, mientras que la fecha de inici\u00f3 del certamen est\u00e1 prevista para el pr\u00f3ximo 12 de septiembre.<\/p>\n<p>Se recuerda que tal cual fuera informado en la \u00faltima reuni\u00f3n de la Liga Mercedina, dado los compromisos por el certamen de Primera Divisi\u00f3n y Reserva, la cancha de la Liga no estar\u00e1 en disponibilidad de ser utilizada para tal competencia.<\/p>\n<p>Es requisito para participar de dicha competencia contar con una cancha con la habilitaci\u00f3n de la APREVIDE, y en este sentido se trabaja para poder contar con la cancha de V\u00e9lez en esa condici\u00f3n. Sobre esto \u00faltimo, est\u00e1 previsto que la semana pr\u00f3xima llegue a Mercedes un representante de la Autoridad de Prevenci\u00f3n de Violencia en el Deporte.<\/p>\n<p>Desde la Federaci\u00f3n se inform\u00f3 que en breve se enviar\u00e1 copia de Reglamento<\/p>\n<p><\/strong><\/p>\n","protected":false},"excerpt":{"rendered":"<p>La Federaci\u00f3n Norte de F\u00fatbol ha enviado a la Liga Mercedina nota de invitaci\u00f3n a participar al Torneo de Equipos en la Categor\u00eda Sub 13, organizado por dicha entidad. En ese sentido hay plazo de inscripci\u00f3n hasta el pr\u00f3ximo 31 de agosto, mientras que la fecha de inici\u00f3 del certamen est\u00e1 prevista para el pr\u00f3ximo 12 de septiembre. Se recuerda<\/p>\n","protected":false},"author":2,"featured_media":0,"comment_status":"open","ping_status":"open","sticky":false,"template":"","format":"standard","meta":{"footnotes":""},"categories":[4],"tags":[],"class_list":["post-22789","post","type-post","status-publish","format-standard","hentry","category-informaciongeneral"],"_links":{"self":[{"href":"https:\/\/ligamercedina.com\/web\/wp-json\/wp\/v2\/posts\/22789","targetHints":{"allow":["GET"]}}],"collection":[{"href":"https:\/\/ligamercedina.com\/web\/wp-json\/wp\/v2\/posts"}],"about":[{"href":"https:\/\/ligamercedina.com\/web\/wp-json\/wp\/v2\/types\/post"}],"author":[{"embeddable":true,"href":"https:\/\/ligamercedina.com\/web\/wp-json\/wp\/v2\/users\/2"}],"replies":[{"embeddable":true,"href":"https:\/\/ligamercedina.com\/web\/wp-json\/wp\/v2\/comments?post=22789"}],"version-history":[{"count":2,"href":"https:\/\/ligamercedina.com\/web\/wp-json\/wp\/v2\/posts\/22789\/revisions"}],"predecessor-version":[{"id":22791,"href":"https:\/\/ligamercedina.com\/web\/wp-json\/wp\/v2\/posts\/22789\/revisions\/22791"}],"wp:attachment":[{"href":"https:\/\/ligamercedina.com\/web\/wp-json\/wp\/v2\/media?parent=22789"}],"wp:term":[{"taxonomy":"category","embeddable":true,"href":"https:\/\/ligamercedina.com\/web\/wp-json\/wp\/v2\/categories?post=22789"},{"taxonomy":"post_tag","embeddable":true,"href":"https:\/\/ligamercedina.com\/web\/wp-json\/wp\/v2\/tags?post=22789"}],"curies":[{"name":"wp","href":"https:\/\/api.w.org\/{rel}","templated":true}]}}