{"id":22774,"date":"2018-08-10T18:51:39","date_gmt":"2018-08-10T21:51:39","guid":{"rendered":"https:\/\/ligamercedina.com\/web\/?p=22774"},"modified":"2018-08-10T18:51:39","modified_gmt":"2018-08-10T21:51:39","slug":"infanto-juvenil-suspension","status":"publish","type":"post","link":"https:\/\/ligamercedina.com\/web\/infanto-juvenil-suspension\/","title":{"rendered":"INFANTO &#8211; JUVENIL: SUSPENSION"},"content":{"rendered":"<p><strong>Se informa que atento a mal estado de la cancha de Palometas, est\u00e1n postergados los encuentros que ma\u00f1ana s\u00e1bado deb\u00edan jugar el local y Los Vascos de Carmen de Areco, en divisiones inferiores.<\/strong><\/p>\n","protected":false},"excerpt":{"rendered":"<p>Se informa que atento a mal estado de la cancha de Palometas, est\u00e1n postergados los encuentros que ma\u00f1ana s\u00e1bado deb\u00edan jugar el local y Los Vascos de Carmen de Areco, en divisiones inferiores.<\/p>\n","protected":false},"author":2,"featured_media":0,"comment_status":"open","ping_status":"open","sticky":false,"template":"","format":"standard","meta":{"footnotes":""},"categories":[4],"tags":[],"class_list":["post-22774","post","type-post","status-publish","format-standard","hentry","category-informaciongeneral"],"_links":{"self":[{"href":"https:\/\/ligamercedina.com\/web\/wp-json\/wp\/v2\/posts\/22774","targetHints":{"allow":["GET"]}}],"collection":[{"href":"https:\/\/ligamercedina.com\/web\/wp-json\/wp\/v2\/posts"}],"about":[{"href":"https:\/\/ligamercedina.com\/web\/wp-json\/wp\/v2\/types\/post"}],"author":[{"embeddable":true,"href":"https:\/\/ligamercedina.com\/web\/wp-json\/wp\/v2\/users\/2"}],"replies":[{"embeddable":true,"href":"https:\/\/ligamercedina.com\/web\/wp-json\/wp\/v2\/comments?post=22774"}],"version-history":[{"count":1,"href":"https:\/\/ligamercedina.com\/web\/wp-json\/wp\/v2\/posts\/22774\/revisions"}],"predecessor-version":[{"id":22775,"href":"https:\/\/ligamercedina.com\/web\/wp-json\/wp\/v2\/posts\/22774\/revisions\/22775"}],"wp:attachment":[{"href":"https:\/\/ligamercedina.com\/web\/wp-json\/wp\/v2\/media?parent=22774"}],"wp:term":[{"taxonomy":"category","embeddable":true,"href":"https:\/\/ligamercedina.com\/web\/wp-json\/wp\/v2\/categories?post=22774"},{"taxonomy":"post_tag","embeddable":true,"href":"https:\/\/ligamercedina.com\/web\/wp-json\/wp\/v2\/tags?post=22774"}],"curies":[{"name":"wp","href":"https:\/\/api.w.org\/{rel}","templated":true}]}}