{"id":22770,"date":"2018-08-09T22:26:56","date_gmt":"2018-08-10T01:26:56","guid":{"rendered":"https:\/\/ligamercedina.com\/web\/?p=22770"},"modified":"2018-08-09T22:26:56","modified_gmt":"2018-08-10T01:26:56","slug":"primera-reserva-programacion-de-partidos-pendientes-2","status":"publish","type":"post","link":"https:\/\/ligamercedina.com\/web\/primera-reserva-programacion-de-partidos-pendientes-2\/","title":{"rendered":"PRIMERA-RESERVA: PROGRAMACION DE PARTIDOS PENDIENTES"},"content":{"rendered":"<blockquote><p><strong>PRIMERA DIVISION<\/strong><\/p><\/blockquote>\n<p><em><strong>Mi\u00e9rcoles 15 de agosto, cancha Liga Mercedina<\/strong><\/em><br \/>\n21:00 hs. V\u00e9lez Sarsfield Vs. Trocha<\/p>\n<p><em><strong>Jueves 16 de agosto, cancha Liga Mercedina<\/strong><\/em><br \/>\n21:00 hs. Defensores Vs. AMEFIP<\/p>\n<blockquote><p><strong>RESERVA<\/strong><\/p><\/blockquote>\n<p><em><strong>Mi\u00e9rcoles 15 de agosto, cancha Liga Mercedina<\/strong><\/em><br \/>\n19:15 hs. Defensores Vs. EL Front\u00f3n<\/p>\n<p><em><strong>Jueves 16 de agosto, cancha Liga Mercedina<\/strong><\/em><br \/>\n19:15 hs. Mercedes Vs. Col\u00f3n<\/p>\n","protected":false},"excerpt":{"rendered":"<p>PRIMERA DIVISION Mi\u00e9rcoles 15 de agosto, cancha Liga Mercedina 21:00 hs. V\u00e9lez Sarsfield Vs. Trocha Jueves 16 de agosto, cancha Liga Mercedina 21:00 hs. Defensores Vs. AMEFIP RESERVA Mi\u00e9rcoles 15 de agosto, cancha Liga Mercedina 19:15 hs. Defensores Vs. EL Front\u00f3n Jueves 16 de agosto, cancha Liga Mercedina 19:15 hs. Mercedes Vs. Col\u00f3n<\/p>\n","protected":false},"author":2,"featured_media":0,"comment_status":"open","ping_status":"open","sticky":false,"template":"","format":"standard","meta":{"footnotes":""},"categories":[4],"tags":[],"class_list":["post-22770","post","type-post","status-publish","format-standard","hentry","category-informaciongeneral"],"_links":{"self":[{"href":"https:\/\/ligamercedina.com\/web\/wp-json\/wp\/v2\/posts\/22770","targetHints":{"allow":["GET"]}}],"collection":[{"href":"https:\/\/ligamercedina.com\/web\/wp-json\/wp\/v2\/posts"}],"about":[{"href":"https:\/\/ligamercedina.com\/web\/wp-json\/wp\/v2\/types\/post"}],"author":[{"embeddable":true,"href":"https:\/\/ligamercedina.com\/web\/wp-json\/wp\/v2\/users\/2"}],"replies":[{"embeddable":true,"href":"https:\/\/ligamercedina.com\/web\/wp-json\/wp\/v2\/comments?post=22770"}],"version-history":[{"count":1,"href":"https:\/\/ligamercedina.com\/web\/wp-json\/wp\/v2\/posts\/22770\/revisions"}],"predecessor-version":[{"id":22771,"href":"https:\/\/ligamercedina.com\/web\/wp-json\/wp\/v2\/posts\/22770\/revisions\/22771"}],"wp:attachment":[{"href":"https:\/\/ligamercedina.com\/web\/wp-json\/wp\/v2\/media?parent=22770"}],"wp:term":[{"taxonomy":"category","embeddable":true,"href":"https:\/\/ligamercedina.com\/web\/wp-json\/wp\/v2\/categories?post=22770"},{"taxonomy":"post_tag","embeddable":true,"href":"https:\/\/ligamercedina.com\/web\/wp-json\/wp\/v2\/tags?post=22770"}],"curies":[{"name":"wp","href":"https:\/\/api.w.org\/{rel}","templated":true}]}}