{"id":22768,"date":"2018-08-09T21:28:45","date_gmt":"2018-08-10T00:28:45","guid":{"rendered":"https:\/\/ligamercedina.com\/web\/?p=22768"},"modified":"2018-08-09T21:28:45","modified_gmt":"2018-08-10T00:28:45","slug":"amonestaciones-al-9-de-agosto","status":"publish","type":"post","link":"https:\/\/ligamercedina.com\/web\/amonestaciones-al-9-de-agosto\/","title":{"rendered":"AMONESTACIONES AL 9 DE AGOSTO"},"content":{"rendered":"<blockquote><p><strong>JUGADORES CON CINCO (5) AMARILLAS Y UN PARTIDO DE SUSPENSION<\/strong><\/p><\/blockquote>\n<p>Vaca, Santiago\t-Holanda-<br \/>\nAranda, Nicol\u00e1s\t-Palometas-<br \/>\nBecerra, Daniel\t-Pe\u00f1a Xeneize-<br \/>\nChaparro, Sergio -Pe\u00f1a Xeneize-<\/p>\n<blockquote><p><strong>JUGADORES CON CUATRO (4) AMARILLAS<\/strong><\/p><\/blockquote>\n<p>L\u00f3pez, Luciano\t-Col\u00f3n-<br \/>\nPaj\u00f3n, Jonathan\t-Pe\u00f1a-<br \/>\nP\u00e9rez, Facundo\t-Ateneo-<br \/>\nCuevas, Sebasti\u00e1n -Uni\u00f3n-<br \/>\nAcosta, Mario -Uni\u00f3n-<br \/>\nPaulerena, Juan Manuel -Pabell\u00f3n-<br \/>\nL\u00f3pez, Jonathan\t-Com&#8217;ciones-<br \/>\nAtampi, Gonzalo\t-Quilmes-<br \/>\nPaulerena, Bernardo\t-Pabell\u00f3n-<br \/>\nDinardi, Federico\t-Front\u00f3n-<br \/>\nBallesteros, Maximiliano\t-Trocha-<br \/>\nBenedettti, Diego\t-Defensores-<br \/>\nLombardo, Juan\t-Estudiantes-<br \/>\nTorres, Franco\t-Com&#8217;ciones-<br \/>\nCejas, Gabriel\t-Pe\u00f1a-<br \/>\nParra, Joaqu\u00edn\t-Mercedes-<br \/>\nDenis, Federico\t-Pe\u00f1a-<br \/>\nMansilla, Ruben\t-Quilmes-<br \/>\nNava, Nicol\u00e1s\t-Ateneo-<br \/>\nLiteras, Sebasti\u00e1n\t-Pe\u00f1a-<br \/>\nGuarnieri, Nicol\u00e1s\t-Pabell\u00f3n-<br \/>\nBertera, David\t-Palometas-<br \/>\nCousse, Alejandro\t-Com&#8217;ciones-<br \/>\nOcampo, Juan Cruz\t-Front\u00f3n-<br \/>\nSaavedra, Gustavo\t-Tim\u00f3n-<br \/>\nGarc\u00eda, Esteban\t-Juventud-<br \/>\nJurado, Enzo\t-V\u00e9lez-<br \/>\nTorres, Juan\t-Com&#8217;ciones-<br \/>\nDemonti, Juan\t-Holanda-<br \/>\nP\u00e9rez, Alejandro\t-Costa Brava-<br \/>\nGuti\u00e9rrez, Fabi\u00e1n\t-Palometas-<br \/>\nMena, Rodrigo\t-Col\u00f3n-<br \/>\nAcu\u00f1a, Dami\u00e1n\t-Costa Brava-<br \/>\nCarrizo, Claudio\t-Ateneo-<br \/>\nFlaherty, Agust\u00edn\t-Ateneo-<br \/>\nRamos, Mario Ezequiel\t-Quilmes-<br \/>\nRoncoroni, Mat\u00edas\t-Front\u00f3n-<br \/>\nSaucedo, An\u00edbal\t-Costa Brava-<br \/>\nCh\u00e1vez, Lucas\t-Holanda-<br \/>\nGagliardi, Tom\u00e1s\t-Pabell\u00f3n-<br \/>\nVillone, Mariano\t-Quilmes-<br \/>\nSotelo, Horacio\t-Holanda-<br \/>\nClimi\u00f1o, Braian\t-Holanda-<br \/>\nBordi, Hugo\t-Col\u00f3n-<br \/>\nMart\u00ednez, Jonathan\t-Col\u00f3n-<br \/>\nUviz, Mat\u00edas\t-Quilmes-<br \/>\nLoza, Nicol\u00e1s\t-Quilmes-<br \/>\nBartolomeo, Jonathan\t-Com&#8217;ciones-<br \/>\nMonteros, Mart\u00edn\t-Atl\u00e9tico-<br \/>\nCalder\u00f3n, Angel\t-Estudiantes-<br \/>\nBallesteros, Facundo\t-V\u00e9lez-<br \/>\nD\u00edaz, Pablo\t-Front\u00f3n-<br \/>\nOlivera, Jorge\t-Holanda-<br \/>\nCompagnoni, Julio\t-Tim\u00f3n-<br \/>\nAlfonso Lautaro\t-Palometas-<br \/>\nCorrea, Mat\u00edas\t-Juventud-<br \/>\nMonz\u00f3n, Franco\t-Pabell\u00f3n-<br \/>\nPaj\u00f3n, Walter\t-AMEFIP-<br \/>\nGatti, Juan Pedro -Mercedes-<\/p>\n","protected":false},"excerpt":{"rendered":"<p>JUGADORES CON CINCO (5) AMARILLAS Y UN PARTIDO DE SUSPENSION Vaca, Santiago -Holanda- Aranda, Nicol\u00e1s -Palometas- Becerra, Daniel -Pe\u00f1a Xeneize- Chaparro, Sergio -Pe\u00f1a Xeneize- JUGADORES CON CUATRO (4) AMARILLAS L\u00f3pez, Luciano -Col\u00f3n- Paj\u00f3n, Jonathan -Pe\u00f1a- P\u00e9rez, Facundo -Ateneo- Cuevas, Sebasti\u00e1n -Uni\u00f3n- Acosta, Mario -Uni\u00f3n- Paulerena, Juan Manuel -Pabell\u00f3n- L\u00f3pez, Jonathan -Com&#8217;ciones- Atampi, Gonzalo -Quilmes- Paulerena, Bernardo -Pabell\u00f3n- Dinardi, Federico -Front\u00f3n-<\/p>\n","protected":false},"author":2,"featured_media":0,"comment_status":"open","ping_status":"open","sticky":false,"template":"","format":"standard","meta":{"footnotes":""},"categories":[4],"tags":[],"class_list":["post-22768","post","type-post","status-publish","format-standard","hentry","category-informaciongeneral"],"_links":{"self":[{"href":"https:\/\/ligamercedina.com\/web\/wp-json\/wp\/v2\/posts\/22768","targetHints":{"allow":["GET"]}}],"collection":[{"href":"https:\/\/ligamercedina.com\/web\/wp-json\/wp\/v2\/posts"}],"about":[{"href":"https:\/\/ligamercedina.com\/web\/wp-json\/wp\/v2\/types\/post"}],"author":[{"embeddable":true,"href":"https:\/\/ligamercedina.com\/web\/wp-json\/wp\/v2\/users\/2"}],"replies":[{"embeddable":true,"href":"https:\/\/ligamercedina.com\/web\/wp-json\/wp\/v2\/comments?post=22768"}],"version-history":[{"count":1,"href":"https:\/\/ligamercedina.com\/web\/wp-json\/wp\/v2\/posts\/22768\/revisions"}],"predecessor-version":[{"id":22769,"href":"https:\/\/ligamercedina.com\/web\/wp-json\/wp\/v2\/posts\/22768\/revisions\/22769"}],"wp:attachment":[{"href":"https:\/\/ligamercedina.com\/web\/wp-json\/wp\/v2\/media?parent=22768"}],"wp:term":[{"taxonomy":"category","embeddable":true,"href":"https:\/\/ligamercedina.com\/web\/wp-json\/wp\/v2\/categories?post=22768"},{"taxonomy":"post_tag","embeddable":true,"href":"https:\/\/ligamercedina.com\/web\/wp-json\/wp\/v2\/tags?post=22768"}],"curies":[{"name":"wp","href":"https:\/\/api.w.org\/{rel}","templated":true}]}}