{"id":22749,"date":"2018-08-05T22:18:43","date_gmt":"2018-08-06T01:18:43","guid":{"rendered":"https:\/\/ligamercedina.com\/web\/?p=22749"},"modified":"2018-08-05T22:18:43","modified_gmt":"2018-08-06T01:18:43","slug":"reserva-resultados-de-la-fecha","status":"publish","type":"post","link":"https:\/\/ligamercedina.com\/web\/reserva-resultados-de-la-fecha\/","title":{"rendered":"RESERVA: RESULTADOS DE LA FECHA"},"content":{"rendered":"<p><strong>MERCEDES: -2-;<\/strong> Solano Espil, Agust\u00edn Mallorqu\u00edn<br \/>\n<strong>PE\u00d1A XENEIZE: -1-;<\/strong> Daniel Becerra<\/p>\n<p><strong>HOLANDA: -3-;<\/strong> Gabriel Maldonado (2), Franco Irusta<br \/>\n<strong>EL TIMON: -2-;<\/strong> Bautista Mignone, Diego Fern\u00e1ndez.<\/p>\n<p><strong>ATENEO: -3-;<\/strong> Santiago Romagnoli, Adam Chaparro, Nicol\u00e1s P\u00e9rez<br \/>\n<strong>ESTUDIANTES: -0-<\/strong><\/p>\n<p><strong>COLON: -1-;<\/strong> Marcos Guzm\u00e1n<br \/>\n<strong>ATLETICO MARCOS PAZ: -1-;<\/strong> V\u00edctor Ru\u00edz<\/p>\n<p><strong>PABELLON ARGENTINO: -1-;<\/strong> Mariano Iriondo<br \/>\n<strong>COMUNICACIONES: -0-<\/strong><br \/>\n* Suspendido a los 30\u2019 ST<\/p>\n<p><strong>PALOMETAS FC: -2-;<\/strong> Leonardo Rettori, Federico Flores Arce<br \/>\n<strong>EL FRONTON: -2-;<\/strong> Sergio G\u00f3mez, Joaqu\u00edn Casado<\/p>\n<p><strong>AMEFIP: -0-<br \/>\nQUILMES: -1-;<\/strong> Joaqu\u00edn Dabove<\/p>\n<p><strong>COSTA BRAVA: -0-<br \/>\nDEFENSORES JUNIORS: -1-;<\/strong> Agustin Robledo<\/p>\n<p><strong>TROCHA: -6-;<\/strong> Sebasti\u00e1n Mu\u00f1oz, Ger\u00f3nimo Miratta (3), Juli\u00e1n Padula, Agust\u00edn Uviz<br \/>\n<strong>UNION: -3-; <\/strong>Marcelo Aguirre (2), Ariel Antunes.<\/p>\n<p><strong>VELEZ SARSFIELD: -2-;<\/strong> Castro, Lucas Coletta<br \/>\n<strong>JUVENTUD: -0-<\/strong><\/p>\n","protected":false},"excerpt":{"rendered":"<p>MERCEDES: -2-; Solano Espil, Agust\u00edn Mallorqu\u00edn PE\u00d1A XENEIZE: -1-; Daniel Becerra HOLANDA: -3-; Gabriel Maldonado (2), Franco Irusta EL TIMON: -2-; Bautista Mignone, Diego Fern\u00e1ndez. ATENEO: -3-; Santiago Romagnoli, Adam Chaparro, Nicol\u00e1s P\u00e9rez ESTUDIANTES: -0- COLON: -1-; Marcos Guzm\u00e1n ATLETICO MARCOS PAZ: -1-; V\u00edctor Ru\u00edz PABELLON ARGENTINO: -1-; Mariano Iriondo COMUNICACIONES: -0- * Suspendido a los 30\u2019 ST PALOMETAS FC:<\/p>\n","protected":false},"author":2,"featured_media":0,"comment_status":"open","ping_status":"open","sticky":false,"template":"","format":"standard","meta":{"footnotes":""},"categories":[4],"tags":[],"class_list":["post-22749","post","type-post","status-publish","format-standard","hentry","category-informaciongeneral"],"_links":{"self":[{"href":"https:\/\/ligamercedina.com\/web\/wp-json\/wp\/v2\/posts\/22749","targetHints":{"allow":["GET"]}}],"collection":[{"href":"https:\/\/ligamercedina.com\/web\/wp-json\/wp\/v2\/posts"}],"about":[{"href":"https:\/\/ligamercedina.com\/web\/wp-json\/wp\/v2\/types\/post"}],"author":[{"embeddable":true,"href":"https:\/\/ligamercedina.com\/web\/wp-json\/wp\/v2\/users\/2"}],"replies":[{"embeddable":true,"href":"https:\/\/ligamercedina.com\/web\/wp-json\/wp\/v2\/comments?post=22749"}],"version-history":[{"count":1,"href":"https:\/\/ligamercedina.com\/web\/wp-json\/wp\/v2\/posts\/22749\/revisions"}],"predecessor-version":[{"id":22750,"href":"https:\/\/ligamercedina.com\/web\/wp-json\/wp\/v2\/posts\/22749\/revisions\/22750"}],"wp:attachment":[{"href":"https:\/\/ligamercedina.com\/web\/wp-json\/wp\/v2\/media?parent=22749"}],"wp:term":[{"taxonomy":"category","embeddable":true,"href":"https:\/\/ligamercedina.com\/web\/wp-json\/wp\/v2\/categories?post=22749"},{"taxonomy":"post_tag","embeddable":true,"href":"https:\/\/ligamercedina.com\/web\/wp-json\/wp\/v2\/tags?post=22749"}],"curies":[{"name":"wp","href":"https:\/\/api.w.org\/{rel}","templated":true}]}}