{"id":22738,"date":"2018-08-05T10:45:22","date_gmt":"2018-08-05T13:45:22","guid":{"rendered":"https:\/\/ligamercedina.com\/web\/?p=22738"},"modified":"2018-08-05T10:45:22","modified_gmt":"2018-08-05T13:45:22","slug":"primera-reserva-la-actividad-para-el-domingo","status":"publish","type":"post","link":"https:\/\/ligamercedina.com\/web\/primera-reserva-la-actividad-para-el-domingo\/","title":{"rendered":"PRIMERA &#8211; RESERVA: LA ACTIVIDAD PARA EL DOMINGO"},"content":{"rendered":"<blockquote><p><strong>PRIMERA DIVISION<\/strong><\/p><\/blockquote>\n<p><em><strong>Domingo 5 de agosto, cancha Liga Mercedina<\/strong><\/em><br \/>\n11:00 hs. Col\u00f3n Vs. Atl\u00e9tico Marcos Paz<br \/>\n13:00 hs. Trocha Vs. Uni\u00f3n<br \/>\n15:00 hs. Palometas Vs. El Front\u00f3n<br \/>\n17:00 hs. AMEFIP Vs. Quilmes<\/p>\n<p><em><strong>Domingo 5 de agosto, cancha Costa Brava<\/strong><\/em><br \/>\n15:00 hs. Costa Brava Vs. Defensores<\/p>\n<p><em><strong>Domingo 5 de agosto, cancha Pabell\u00f3n Argentino<\/strong><\/em><br \/>\n15:15 hs. Pabell\u00f3n Argentino Vs. Comunicaciones<\/p>\n<blockquote><p><strong>RESERVA<\/strong><\/p><\/blockquote>\n<p><em><strong>Domingo 5 de agosto, cancha Quilmes<\/strong><\/em><br \/>\n13:00 hs. AMEFIP Vs. Quilmes<br \/>\n14:45 hs. Col\u00f3n Vs. Atl\u00e9tico Marcos Paz<\/p>\n<p><em><strong>Domingo 5 de agosto, cancha Ateneo<\/strong><\/em><br \/>\n13:30 hs. Estudiantes Vs. Ateneo<br \/>\n15:15 hs. Trocha Vs. Uni\u00f3n<\/p>\n<p><em><strong>Domingo 5 de agosto, cancha Costa Brava<\/strong><\/em><br \/>\n13:00 hs. Costa Brava Vs. Defensores<\/p>\n<p><em><strong>Domingo 5 de agosto, cancha Pabell\u00f3n Argentino<\/strong><\/em><br \/>\n13:15 hs. Pabell\u00f3n Argentino Vs. Comunicaciones<\/p>\n","protected":false},"excerpt":{"rendered":"<p>PRIMERA DIVISION Domingo 5 de agosto, cancha Liga Mercedina 11:00 hs. Col\u00f3n Vs. Atl\u00e9tico Marcos Paz 13:00 hs. Trocha Vs. Uni\u00f3n 15:00 hs. Palometas Vs. El Front\u00f3n 17:00 hs. AMEFIP Vs. Quilmes Domingo 5 de agosto, cancha Costa Brava 15:00 hs. Costa Brava Vs. Defensores Domingo 5 de agosto, cancha Pabell\u00f3n Argentino 15:15 hs. Pabell\u00f3n Argentino Vs. Comunicaciones RESERVA Domingo<\/p>\n","protected":false},"author":2,"featured_media":0,"comment_status":"open","ping_status":"open","sticky":false,"template":"","format":"standard","meta":{"footnotes":""},"categories":[4],"tags":[],"class_list":["post-22738","post","type-post","status-publish","format-standard","hentry","category-informaciongeneral"],"_links":{"self":[{"href":"https:\/\/ligamercedina.com\/web\/wp-json\/wp\/v2\/posts\/22738","targetHints":{"allow":["GET"]}}],"collection":[{"href":"https:\/\/ligamercedina.com\/web\/wp-json\/wp\/v2\/posts"}],"about":[{"href":"https:\/\/ligamercedina.com\/web\/wp-json\/wp\/v2\/types\/post"}],"author":[{"embeddable":true,"href":"https:\/\/ligamercedina.com\/web\/wp-json\/wp\/v2\/users\/2"}],"replies":[{"embeddable":true,"href":"https:\/\/ligamercedina.com\/web\/wp-json\/wp\/v2\/comments?post=22738"}],"version-history":[{"count":1,"href":"https:\/\/ligamercedina.com\/web\/wp-json\/wp\/v2\/posts\/22738\/revisions"}],"predecessor-version":[{"id":22739,"href":"https:\/\/ligamercedina.com\/web\/wp-json\/wp\/v2\/posts\/22738\/revisions\/22739"}],"wp:attachment":[{"href":"https:\/\/ligamercedina.com\/web\/wp-json\/wp\/v2\/media?parent=22738"}],"wp:term":[{"taxonomy":"category","embeddable":true,"href":"https:\/\/ligamercedina.com\/web\/wp-json\/wp\/v2\/categories?post=22738"},{"taxonomy":"post_tag","embeddable":true,"href":"https:\/\/ligamercedina.com\/web\/wp-json\/wp\/v2\/tags?post=22738"}],"curies":[{"name":"wp","href":"https:\/\/api.w.org\/{rel}","templated":true}]}}