{"id":22699,"date":"2018-07-30T20:03:22","date_gmt":"2018-07-30T23:03:22","guid":{"rendered":"https:\/\/ligamercedina.com\/web\/?p=22699"},"modified":"2018-07-30T20:03:22","modified_gmt":"2018-07-30T23:03:22","slug":"horarios-para-el-fin-de-semana-158","status":"publish","type":"post","link":"https:\/\/ligamercedina.com\/web\/horarios-para-el-fin-de-semana-158\/","title":{"rendered":"HORARIOS PARA EL FIN DE SEMANA"},"content":{"rendered":"<blockquote><p><strong>PRIMERA DIVISION<\/strong><\/p><\/blockquote>\n<p><em><strong>S\u00e1bado 4 de agosto, cancha Liga Mercedina<\/strong><\/em><br \/>\n13:00 hs. Estudiantes Vs. Ateneo<br \/>\n15:00 hs. El Tim\u00f3n Vs. Holanda<br \/>\n17:00 hs. V\u00e9lez Sarsfield Vs. Juventud<br \/>\n19:00 hs. Mercedes Vs. Pe\u00f1a Xeneize<\/p>\n<p><em><strong>Domingo 5 de agosto, cancha Liga Mercedina<\/strong><\/em><br \/>\n11:00 hs. Col\u00f3n Vs. Atl\u00e9tico Marcos Paz<br \/>\n13:00 hs. Trocha Vs. Uni\u00f3n<br \/>\n15:00 hs. Palometas Vs. El Front\u00f3n<br \/>\n17:00 hs. AMEFIP Vs. Quilmes<\/p>\n<p><em><strong>Domingo 5 de agosto, cancha Costa Brava<\/strong><\/em><br \/>\n15:00 hs. Costa Brava Vs. Defensores<\/p>\n<p><em><strong>Domingo 5 de agosto, cancha Pabell\u00f3n Argentino<\/strong><\/em><br \/>\n15:15 hs. Pabell\u00f3n Argentino Vs. Comunicaciones<\/p>\n<blockquote><p><strong>RESERVA<\/strong><\/p><\/blockquote>\n<p><em><strong>S\u00e1bado 4 de agosto, cancha Quilmes<\/strong><\/em><br \/>\n13:30 hs. Mercedes Vs. Pe\u00f1a Xeneize<br \/>\n15:15 hs. Palometas Vs. El Front\u00f3n<\/p>\n<p><em><strong>S\u00e1bado 4 de agosto, cancha V\u00e9lez Sarsfield<\/strong><\/em><br \/>\n12:30 hs. El Tim\u00f3n Vs. Holanda<br \/>\n14:15 hs. V\u00e9lez Sarsfield Vs. Juventud<\/p>\n<p><em><strong>Domingo 5 de agosto, cancha Quilmes<\/strong><\/em><br \/>\n13:00 hs. AMEFIP Vs. Quilmes<br \/>\n14:45 hs. Col\u00f3n Vs. Atl\u00e9tico Marcos Paz<\/p>\n<p><em><strong>Domingo 5 de agosto, cancha Ateneo<\/strong><\/em><br \/>\n13:30 hs. Estudiantes Vs. Ateneo<br \/>\n15:15 hs. Trocha Vs. Uni\u00f3n<\/p>\n<p><em><strong>Domingo 5 de agosto, cancha Costa Brava<\/strong><\/em><br \/>\n13:00 hs. Costa Brava Vs. Defensores<\/p>\n<p><em><strong>Domingo 5 de agosto, cancha Pabell\u00f3n Argentino<\/strong><\/em><br \/>\n13:15 hs. Pabell\u00f3n Argentino Vs. Comunicaciones<\/p>\n<blockquote><p><strong>INFANTIL<\/strong><\/p><\/blockquote>\n<p>Ateneo Vs. Uni\u00f3n, Juventud  Vs. Quilmes, Defensores Vs. El Front\u00f3n, Comunicaciones Vs. Estudiantes, Los Vascos Vs. Mercedes<\/p>\n<p>13:00 hs. Categor\u00eda Promocional<br \/>\n14:00 hs. Categor\u00eda 2009<br \/>\n15:00 hs. Categor\u00eda 2008<br \/>\n16:00 hs. Categor\u00eda 2007<\/p>\n<blockquote><p><strong>JUVENIL<\/strong><\/p><\/blockquote>\n<p>Mercedes \u00abA\u00bb\tVs. Atl\u00e9tico Marcos Paz, Pabell\u00f3n Argentino Vs. Palometas, Ateneo Vs. Uni\u00f3n, Juventud  Vs. Quilmes. <\/p>\n<p>11:00 hs. Categor\u00eda 2004<br \/>\n12:15 hs. Categor\u00eda 2005<br \/>\n13:30 hs. Categor\u00eda 2006<br \/>\n14:45 hs. Categor\u00eda 2003<br \/>\n16:00 hs. Categor\u00eda 5\u00aa Divisi\u00f3n<\/p>\n<p>Defensores Vs. El Front\u00f3n<br \/>\n12:00 hs. Categor\u00eda 2005<br \/>\n13:15 hs. Categor\u00eda 2006<br \/>\n14:30 hs. Categor\u00eda 2003<br \/>\n15:45 hs. Categor\u00eda 5\u00aa Divisi\u00f3n<\/p>\n<p>Comunicaciones Vs. Estudiantes<br \/>\n11:00 hs. Categor\u00eda 2004<br \/>\n12:15 hs. Categor\u00eda 2005<br \/>\n13:30 hs. Categor\u00eda 2006<br \/>\n14:45 hs. Categor\u00eda 5\u00aa Divisi\u00f3n<\/p>\n<p>Los Vascos Vs. Mercedes<br \/>\n12:00 hs. Categor\u00eda 2006<br \/>\n13:15 hs. Categor\u00eda 2005<br \/>\n14:30 hs. Categor\u00eda 2004<br \/>\n15:45 hs. Categor\u00eda 2003<\/p>\n","protected":false},"excerpt":{"rendered":"<p>PRIMERA DIVISION S\u00e1bado 4 de agosto, cancha Liga Mercedina 13:00 hs. Estudiantes Vs. Ateneo 15:00 hs. El Tim\u00f3n Vs. Holanda 17:00 hs. V\u00e9lez Sarsfield Vs. Juventud 19:00 hs. Mercedes Vs. Pe\u00f1a Xeneize Domingo 5 de agosto, cancha Liga Mercedina 11:00 hs. Col\u00f3n Vs. Atl\u00e9tico Marcos Paz 13:00 hs. Trocha Vs. Uni\u00f3n 15:00 hs. Palometas Vs. El Front\u00f3n 17:00 hs. AMEFIP<\/p>\n","protected":false},"author":2,"featured_media":0,"comment_status":"open","ping_status":"open","sticky":false,"template":"","format":"standard","meta":{"footnotes":""},"categories":[4],"tags":[],"class_list":["post-22699","post","type-post","status-publish","format-standard","hentry","category-informaciongeneral"],"_links":{"self":[{"href":"https:\/\/ligamercedina.com\/web\/wp-json\/wp\/v2\/posts\/22699","targetHints":{"allow":["GET"]}}],"collection":[{"href":"https:\/\/ligamercedina.com\/web\/wp-json\/wp\/v2\/posts"}],"about":[{"href":"https:\/\/ligamercedina.com\/web\/wp-json\/wp\/v2\/types\/post"}],"author":[{"embeddable":true,"href":"https:\/\/ligamercedina.com\/web\/wp-json\/wp\/v2\/users\/2"}],"replies":[{"embeddable":true,"href":"https:\/\/ligamercedina.com\/web\/wp-json\/wp\/v2\/comments?post=22699"}],"version-history":[{"count":1,"href":"https:\/\/ligamercedina.com\/web\/wp-json\/wp\/v2\/posts\/22699\/revisions"}],"predecessor-version":[{"id":22700,"href":"https:\/\/ligamercedina.com\/web\/wp-json\/wp\/v2\/posts\/22699\/revisions\/22700"}],"wp:attachment":[{"href":"https:\/\/ligamercedina.com\/web\/wp-json\/wp\/v2\/media?parent=22699"}],"wp:term":[{"taxonomy":"category","embeddable":true,"href":"https:\/\/ligamercedina.com\/web\/wp-json\/wp\/v2\/categories?post=22699"},{"taxonomy":"post_tag","embeddable":true,"href":"https:\/\/ligamercedina.com\/web\/wp-json\/wp\/v2\/tags?post=22699"}],"curies":[{"name":"wp","href":"https:\/\/api.w.org\/{rel}","templated":true}]}}