{"id":22693,"date":"2018-07-30T16:03:33","date_gmt":"2018-07-30T19:03:33","guid":{"rendered":"https:\/\/ligamercedina.com\/web\/?p=22693"},"modified":"2018-07-30T19:28:24","modified_gmt":"2018-07-30T22:28:24","slug":"documentacion-para-consejo-federal","status":"publish","type":"post","link":"https:\/\/ligamercedina.com\/web\/documentacion-para-consejo-federal\/","title":{"rendered":"DOCUMENTACION PARA CONSEJO FEDERAL"},"content":{"rendered":"<p>Se informa que durante este martes se entregar\u00e1 al Consejo Federal la documentaci\u00f3n requerida a los clubes afiliados. En este sentido, a continuaci\u00f3n se brindan datos sobre los clubes que han cumplido con el requerimiento:<\/p>\n<p><strong>CLUBES &#8211; SITUACION<\/strong><br \/>\n<strong>AMEFIP &#8211; PRESENTO<\/strong><br \/>\n<strong>ATENEO &#8211; PRESENTO<\/strong><br \/>\n<strong>ATLETICO MARCOS PAZ &#8211; PRESENTO <\/strong><br \/>\n<strong>COLON &#8211; PRESENTO<\/strong><br \/>\nCOMUNICACIONES &#8211;<br \/>\n<strong>COSTA BRAVA &#8211; PRESENTO<\/strong><br \/>\nDEFENSORES JUNIORS &#8211;<br \/>\n<strong>EL FRONTON &#8211; PRESENTO<\/strong><br \/>\n<strong>ESTUDIANTES &#8211; PRESENTO<\/strong><br \/>\nHOLANDA &#8211;<br \/>\nJUVENTUD &#8211;<br \/>\nLOS VASCOS &#8211;<br \/>\n<strong>MERCEDES &#8211; PRESENTO<\/strong><br \/>\nPABELLON ARGENTINO &#8211;<br \/>\n<strong>PALOMETAS &#8211; PRESENTO<\/strong><br \/>\n<strong>PE\u00d1A XENEIZE &#8211; PRESENTO<\/strong><br \/>\n<strong>QUILMES &#8211; PRESENTO<br \/>\nTIMON &#8211; PRESENTO<\/strong><br \/>\nTROCHA &#8211;<br \/>\nUNION &#8211;<br \/>\n<strong>VELEZ SARSFIELD &#8211; PRESENTO<\/strong><\/p>\n","protected":false},"excerpt":{"rendered":"<p>Se informa que durante este martes se entregar\u00e1 al Consejo Federal la documentaci\u00f3n requerida a los clubes afiliados. En este sentido, a continuaci\u00f3n se brindan datos sobre los clubes que han cumplido con el requerimiento: CLUBES &#8211; SITUACION AMEFIP &#8211; PRESENTO ATENEO &#8211; PRESENTO ATLETICO MARCOS PAZ &#8211; PRESENTO COLON &#8211; PRESENTO COMUNICACIONES &#8211; COSTA BRAVA &#8211; PRESENTO DEFENSORES JUNIORS<\/p>\n","protected":false},"author":2,"featured_media":0,"comment_status":"open","ping_status":"open","sticky":false,"template":"","format":"standard","meta":{"footnotes":""},"categories":[4],"tags":[],"class_list":["post-22693","post","type-post","status-publish","format-standard","hentry","category-informaciongeneral"],"_links":{"self":[{"href":"https:\/\/ligamercedina.com\/web\/wp-json\/wp\/v2\/posts\/22693","targetHints":{"allow":["GET"]}}],"collection":[{"href":"https:\/\/ligamercedina.com\/web\/wp-json\/wp\/v2\/posts"}],"about":[{"href":"https:\/\/ligamercedina.com\/web\/wp-json\/wp\/v2\/types\/post"}],"author":[{"embeddable":true,"href":"https:\/\/ligamercedina.com\/web\/wp-json\/wp\/v2\/users\/2"}],"replies":[{"embeddable":true,"href":"https:\/\/ligamercedina.com\/web\/wp-json\/wp\/v2\/comments?post=22693"}],"version-history":[{"count":3,"href":"https:\/\/ligamercedina.com\/web\/wp-json\/wp\/v2\/posts\/22693\/revisions"}],"predecessor-version":[{"id":22698,"href":"https:\/\/ligamercedina.com\/web\/wp-json\/wp\/v2\/posts\/22693\/revisions\/22698"}],"wp:attachment":[{"href":"https:\/\/ligamercedina.com\/web\/wp-json\/wp\/v2\/media?parent=22693"}],"wp:term":[{"taxonomy":"category","embeddable":true,"href":"https:\/\/ligamercedina.com\/web\/wp-json\/wp\/v2\/categories?post=22693"},{"taxonomy":"post_tag","embeddable":true,"href":"https:\/\/ligamercedina.com\/web\/wp-json\/wp\/v2\/tags?post=22693"}],"curies":[{"name":"wp","href":"https:\/\/api.w.org\/{rel}","templated":true}]}}