{"id":22652,"date":"2018-07-24T17:55:24","date_gmt":"2018-07-24T20:55:24","guid":{"rendered":"https:\/\/ligamercedina.com\/web\/?p=22652"},"modified":"2018-07-24T17:55:24","modified_gmt":"2018-07-24T20:55:24","slug":"se-concreta-una-importante-reunion-de-delegados","status":"publish","type":"post","link":"https:\/\/ligamercedina.com\/web\/se-concreta-una-importante-reunion-de-delegados\/","title":{"rendered":"SE CONCRETA UNA IMPORTANTE REUNION DE DELEGADOS"},"content":{"rendered":"<p>A partir de las 20 horas de este martes, en la sede de la Liga Mercedina han sido convocado los delegados de los clubes afiliados donde se dar\u00e1 tratamiento a distintos temas.<br \/>\nEntre ellos est\u00e1n:<\/p>\n<p>1) Presentaci\u00f3n de documentaci\u00f3n de clubes para elevar a Consejo Federal<br \/>\n2) Sub 15<br \/>\n3) Sub 13<br \/>\n4) Visita de APREVIDE a Mercedes<br \/>\n5) Situaci\u00f3n partidos postergados en Inferiores<br \/>\n6) Diagramaci\u00f3n de fechas de partidos<br \/>\n7) Hechos de violencia ocurridos en canchas<br \/>\n8) Presentaci\u00f3n recibida sobre fichaje de jugadores<br \/>\n9) Tesorer\u00eda<\/p>\n","protected":false},"excerpt":{"rendered":"<p>A partir de las 20 horas de este martes, en la sede de la Liga Mercedina han sido convocado los delegados de los clubes afiliados donde se dar\u00e1 tratamiento a distintos temas. Entre ellos est\u00e1n: 1) Presentaci\u00f3n de documentaci\u00f3n de clubes para elevar a Consejo Federal 2) Sub 15 3) Sub 13 4) Visita de APREVIDE a Mercedes 5) Situaci\u00f3n<\/p>\n","protected":false},"author":2,"featured_media":0,"comment_status":"open","ping_status":"open","sticky":false,"template":"","format":"standard","meta":{"footnotes":""},"categories":[4],"tags":[],"class_list":["post-22652","post","type-post","status-publish","format-standard","hentry","category-informaciongeneral"],"_links":{"self":[{"href":"https:\/\/ligamercedina.com\/web\/wp-json\/wp\/v2\/posts\/22652","targetHints":{"allow":["GET"]}}],"collection":[{"href":"https:\/\/ligamercedina.com\/web\/wp-json\/wp\/v2\/posts"}],"about":[{"href":"https:\/\/ligamercedina.com\/web\/wp-json\/wp\/v2\/types\/post"}],"author":[{"embeddable":true,"href":"https:\/\/ligamercedina.com\/web\/wp-json\/wp\/v2\/users\/2"}],"replies":[{"embeddable":true,"href":"https:\/\/ligamercedina.com\/web\/wp-json\/wp\/v2\/comments?post=22652"}],"version-history":[{"count":1,"href":"https:\/\/ligamercedina.com\/web\/wp-json\/wp\/v2\/posts\/22652\/revisions"}],"predecessor-version":[{"id":22653,"href":"https:\/\/ligamercedina.com\/web\/wp-json\/wp\/v2\/posts\/22652\/revisions\/22653"}],"wp:attachment":[{"href":"https:\/\/ligamercedina.com\/web\/wp-json\/wp\/v2\/media?parent=22652"}],"wp:term":[{"taxonomy":"category","embeddable":true,"href":"https:\/\/ligamercedina.com\/web\/wp-json\/wp\/v2\/categories?post=22652"},{"taxonomy":"post_tag","embeddable":true,"href":"https:\/\/ligamercedina.com\/web\/wp-json\/wp\/v2\/tags?post=22652"}],"curies":[{"name":"wp","href":"https:\/\/api.w.org\/{rel}","templated":true}]}}