{"id":22582,"date":"2018-07-15T12:27:28","date_gmt":"2018-07-15T15:27:28","guid":{"rendered":"https:\/\/ligamercedina.com\/web\/?p=22582"},"modified":"2018-07-17T18:57:32","modified_gmt":"2018-07-17T21:57:32","slug":"primera-reserva-adelanto-horarios-para-proximo-fin-de-semana","status":"publish","type":"post","link":"https:\/\/ligamercedina.com\/web\/primera-reserva-adelanto-horarios-para-proximo-fin-de-semana\/","title":{"rendered":"PRIMERA &#8211; RESERVA: ADELANTO HORARIOS PARA PROXIMO FIN DE SEMANA"},"content":{"rendered":"<blockquote><p><strong>PRIMERA<\/strong><\/p><\/blockquote>\n<p><em><strong>S\u00e1bado 21 de julio, cancha Liga Mercedina<\/strong><\/em><br \/>\n13:00 hs.  Ateneo Vs. El Tim\u00f3n<br \/>\n15:00 hs.  Holanda Vs. Mercedes<br \/>\n17:00 hs.  Uni\u00f3n Vs. Costa Brava<br \/>\n19:00 hs. Pe\u00f1a Xeneize Vs. Pabell\u00f3n Argentino<\/p>\n<p><em><strong>Domingo 22 de julio, cancha Liga Mercedina<\/strong><\/em><br \/>\n13:00 hs. Defensores Vs. V\u00e9lez Sarsfield<br \/>\n15:00 hs. Quilmes Vs. Trocha<br \/>\n17:00 hs.  Comunicaciones Vs. Col\u00f3n<\/p>\n<p><em><strong>S\u00e1bado 21 de julio, cancha El Front\u00f3n<\/strong><\/em><br \/>\n14:00 hs. El Front\u00f3n Vs. A.M.E.F.I.P.<\/p>\n<p><em><strong>Domingo 22 de julio, cancha Atl\u00e9tico Marcos Paz<\/strong><\/em><br \/>\n15:00 hs. Atl\u00e9tico Marcos Paz Vs. Estudiantes<\/p>\n<p><em><strong>Domingo 22 de julio, cancha Juventud <\/strong><\/em><br \/>\n15:00 hs. Juventud Vs.  Palometas<\/p>\n<blockquote><p><strong>RESERVA<\/strong><\/p><\/blockquote>\n<p><em><strong>S\u00e1bado 21 de julio, cancha Ateneo<\/strong><\/em><br \/>\n13:30 hs. Uni\u00f3n Vs. Costa Brava<br \/>\n15:30 hs. Ateneo Vs. El Tim\u00f3n <\/p>\n<p><em><strong>S\u00e1bado 21 de julio, cancha Quilmes<\/strong><\/em><br \/>\n13:30 hs. Quilmes Vs. Trocha<br \/>\n15:30 hs.  Pe\u00f1a Xeneize Vs. Pabell\u00f3n Argentino<\/p>\n<p><em><strong>S\u00e1bado 21 de julio, cancha V\u00e9lez<\/strong><\/em><br \/>\n12:30 hs. Holanda Vs. Mercedes<br \/>\n14:30 hs. Defensores Vs. V\u00e9lez Sarsfield  <\/p>\n<p><em><strong>S\u00e1bado 21 de julio, cancha Comunicaciones<\/strong><\/em><br \/>\n15:00 hs. Comunicaciones Vs. Col\u00f3n<\/p>\n<p><em><strong>S\u00e1bado 21 de julio, cancha El Front\u00f3n<\/strong><\/em><br \/>\n16:00 hs. El Front\u00f3n Vs. A.M.E.F.I.P.<\/p>\n<p><em><strong>Domingo 22 de julio<\/strong><\/em><br \/>\n13:00 hs. Atl\u00e9tico Marcos Paz Vs. Estudiantes<\/p>\n<p><em><strong>Domingo 22 de julio, cancha Juventud <\/strong><\/em><br \/>\n15:00 hs. Juventud Vs.  Palometas<\/p>\n","protected":false},"excerpt":{"rendered":"<p>PRIMERA S\u00e1bado 21 de julio, cancha Liga Mercedina 13:00 hs. Ateneo Vs. El Tim\u00f3n 15:00 hs. Holanda Vs. Mercedes 17:00 hs. Uni\u00f3n Vs. Costa Brava 19:00 hs. Pe\u00f1a Xeneize Vs. Pabell\u00f3n Argentino Domingo 22 de julio, cancha Liga Mercedina 13:00 hs. Defensores Vs. V\u00e9lez Sarsfield 15:00 hs. Quilmes Vs. Trocha 17:00 hs. Comunicaciones Vs. Col\u00f3n S\u00e1bado 21 de julio, cancha<\/p>\n","protected":false},"author":2,"featured_media":0,"comment_status":"open","ping_status":"open","sticky":false,"template":"","format":"standard","meta":{"footnotes":""},"categories":[4],"tags":[],"class_list":["post-22582","post","type-post","status-publish","format-standard","hentry","category-informaciongeneral"],"_links":{"self":[{"href":"https:\/\/ligamercedina.com\/web\/wp-json\/wp\/v2\/posts\/22582","targetHints":{"allow":["GET"]}}],"collection":[{"href":"https:\/\/ligamercedina.com\/web\/wp-json\/wp\/v2\/posts"}],"about":[{"href":"https:\/\/ligamercedina.com\/web\/wp-json\/wp\/v2\/types\/post"}],"author":[{"embeddable":true,"href":"https:\/\/ligamercedina.com\/web\/wp-json\/wp\/v2\/users\/2"}],"replies":[{"embeddable":true,"href":"https:\/\/ligamercedina.com\/web\/wp-json\/wp\/v2\/comments?post=22582"}],"version-history":[{"count":4,"href":"https:\/\/ligamercedina.com\/web\/wp-json\/wp\/v2\/posts\/22582\/revisions"}],"predecessor-version":[{"id":22604,"href":"https:\/\/ligamercedina.com\/web\/wp-json\/wp\/v2\/posts\/22582\/revisions\/22604"}],"wp:attachment":[{"href":"https:\/\/ligamercedina.com\/web\/wp-json\/wp\/v2\/media?parent=22582"}],"wp:term":[{"taxonomy":"category","embeddable":true,"href":"https:\/\/ligamercedina.com\/web\/wp-json\/wp\/v2\/categories?post=22582"},{"taxonomy":"post_tag","embeddable":true,"href":"https:\/\/ligamercedina.com\/web\/wp-json\/wp\/v2\/tags?post=22582"}],"curies":[{"name":"wp","href":"https:\/\/api.w.org\/{rel}","templated":true}]}}