{"id":22575,"date":"2018-07-14T22:35:50","date_gmt":"2018-07-15T01:35:50","guid":{"rendered":"https:\/\/ligamercedina.com\/web\/?p=22575"},"modified":"2018-07-15T20:01:34","modified_gmt":"2018-07-15T23:01:34","slug":"resultados-de-reserva-64","status":"publish","type":"post","link":"https:\/\/ligamercedina.com\/web\/resultados-de-reserva-64\/","title":{"rendered":"RESULTADOS DE RESERVA"},"content":{"rendered":"<p><strong>COSTA BRAVA: -1-;<\/strong> Jonathan Tust<br \/>\n<strong>TROCHA: -2-;<\/strong> Alejandro Carrera, Sebasti\u00e1n Mu\u00f1oz<\/p>\n<p><strong>COLON:-2-;<\/strong> Ezequiel Ibarra, Ignacio Rodr\u00edguez<br \/>\n<strong>PE\u00d1A XENEIZE: -3-; <\/strong>V\u00edctor Clavero (2), Daniel Becerra<\/p>\n<p><strong>PABELLON ARGENTINO: -1-;<\/strong> Castelano<br \/>\n<strong>MERCEDES: -0-<\/strong><\/p>\n<p><strong>ATENEO: -1-;<\/strong> Nicol\u00e1s P\u00e9rez<br \/>\n<strong>HOLANDA: -3-;<\/strong> Fredy Pereira, Rodrigo Colicigno, Gabriel Maldonado<\/p>\n<p><strong>PALOMETAS FC: -1-;<\/strong> Jonathan Guzm\u00e1n<br \/>\n<strong>DEFENSORES JRS: -0-<\/strong><\/p>\n<p><strong>COMUNICACIONES: -2-;<\/strong> Gonzalo Herrera, Mart\u00edn Zuleta<br \/>\n<strong>ESTUDIANTES: -1-;<\/strong> Rodrigo Montenegro<\/p>\n<p><strong>AMEFIP: -1-;<\/strong> Alejandro De Cicco<br \/>\n<strong>JUVENTUD: -0-<\/strong><\/p>\n<p><strong>VELEZ SARSFIELD: -3-;<\/strong> Sebasti\u00e1n Viola (3)<br \/>\n<strong>UNION: -0-<\/strong><\/p>\n<p><strong>EL TIMON: -0-<br \/>\nATLETICO MARCOS PAZ: -2-;<\/strong> V\u00edctor Ru\u00edz, Gabriel Ram\u00edrez<\/p>\n<p><strong>EL FRONTON: -0-<br \/>\nQUILMES: -0-<\/strong><\/p>\n","protected":false},"excerpt":{"rendered":"<p>COSTA BRAVA: -1-; Jonathan Tust TROCHA: -2-; Alejandro Carrera, Sebasti\u00e1n Mu\u00f1oz COLON:-2-; Ezequiel Ibarra, Ignacio Rodr\u00edguez PE\u00d1A XENEIZE: -3-; V\u00edctor Clavero (2), Daniel Becerra PABELLON ARGENTINO: -1-; Castelano MERCEDES: -0- ATENEO: -1-; Nicol\u00e1s P\u00e9rez HOLANDA: -3-; Fredy Pereira, Rodrigo Colicigno, Gabriel Maldonado PALOMETAS FC: -1-; Jonathan Guzm\u00e1n DEFENSORES JRS: -0- COMUNICACIONES: -2-; Gonzalo Herrera, Mart\u00edn Zuleta ESTUDIANTES: -1-; Rodrigo Montenegro<\/p>\n","protected":false},"author":2,"featured_media":0,"comment_status":"open","ping_status":"open","sticky":false,"template":"","format":"standard","meta":{"footnotes":""},"categories":[4],"tags":[],"class_list":["post-22575","post","type-post","status-publish","format-standard","hentry","category-informaciongeneral"],"_links":{"self":[{"href":"https:\/\/ligamercedina.com\/web\/wp-json\/wp\/v2\/posts\/22575","targetHints":{"allow":["GET"]}}],"collection":[{"href":"https:\/\/ligamercedina.com\/web\/wp-json\/wp\/v2\/posts"}],"about":[{"href":"https:\/\/ligamercedina.com\/web\/wp-json\/wp\/v2\/types\/post"}],"author":[{"embeddable":true,"href":"https:\/\/ligamercedina.com\/web\/wp-json\/wp\/v2\/users\/2"}],"replies":[{"embeddable":true,"href":"https:\/\/ligamercedina.com\/web\/wp-json\/wp\/v2\/comments?post=22575"}],"version-history":[{"count":3,"href":"https:\/\/ligamercedina.com\/web\/wp-json\/wp\/v2\/posts\/22575\/revisions"}],"predecessor-version":[{"id":22599,"href":"https:\/\/ligamercedina.com\/web\/wp-json\/wp\/v2\/posts\/22575\/revisions\/22599"}],"wp:attachment":[{"href":"https:\/\/ligamercedina.com\/web\/wp-json\/wp\/v2\/media?parent=22575"}],"wp:term":[{"taxonomy":"category","embeddable":true,"href":"https:\/\/ligamercedina.com\/web\/wp-json\/wp\/v2\/categories?post=22575"},{"taxonomy":"post_tag","embeddable":true,"href":"https:\/\/ligamercedina.com\/web\/wp-json\/wp\/v2\/tags?post=22575"}],"curies":[{"name":"wp","href":"https:\/\/api.w.org\/{rel}","templated":true}]}}