{"id":22573,"date":"2018-07-14T22:21:51","date_gmt":"2018-07-15T01:21:51","guid":{"rendered":"https:\/\/ligamercedina.com\/web\/?p=22573"},"modified":"2018-07-14T22:49:43","modified_gmt":"2018-07-15T01:49:43","slug":"infanto-juvenil-resultados-fecha-11-5","status":"publish","type":"post","link":"https:\/\/ligamercedina.com\/web\/infanto-juvenil-resultados-fecha-11-5\/","title":{"rendered":"INFANTO &#8211; JUVENIL: RESULTADOS FECHA 11"},"content":{"rendered":"<p>ACTUALIZANDO<\/p>\n<p><strong>QUILMES \u2013 DEFENSORES<\/strong><br \/>\nCategor\u00eda 2009: 1 (Dylan De Rosas) \u2013 0<br \/>\nCategor\u00eda 2008: 3 (Mateo Biglia, Bautista Cabral, Mauricio Rold\u00e1n) \u2013 0<br \/>\nCategor\u00eda 2007: 1 (Juan Chaparro) \u2013 0<br \/>\nCategor\u00eda 2006: 3 (Tiago Arias, Francisco Ferraris, Kevin L\u00f3pez) \u2013 0<br \/>\nCategor\u00eda 2005: 1 (Agust\u00edn Pitaro) \u2013 0<br \/>\nCategor\u00eda 2003: 3 (Emiliano Buscalia, Gonzalo Ramallo, Lautaro Mart\u00ednez) \u2013 0<br \/>\nCategor\u00eda 5\u00aa Div: 1 Mat\u00edas Cocaro) \u2013 4 (Francisco Contreras, Franco Guerra, Joaqu\u00edn R\u00edos 2)<\/p>\n<p><strong>MERCEDES \u2013 PABELLON ARGENTINO<\/strong><br \/>\nCategor\u00eda 2006: 2 (Federico Bell, Lautaro Herrera)<br \/>\nCategor\u00eda 2005: 2 (Mateo Firpo, Alex Forti) \u2013 0<br \/>\nCategor\u00eda 2004: 3 (Tom\u00e1s Martino 3) \u2013 2 (Juan Mandaradoni, Santiago Robecchi)<br \/>\nCategor\u00eda 2003: 4 (Felipe Dematei, Ramiro Moreno, Cristian Nu\u00f1ez, Juan Rosales) \u2013 1 (Fausto Zurita)<br \/>\nCategor\u00eda 5\u00aa Div: 1 \u2013 1 <\/p>\n<p><strong>ATLETICO MARCOS PAZ \u2013 ATENEO<\/strong><br \/>\nCategor\u00eda 2006: 1 \u2013 1<br \/>\nCategor\u00eda 2005: 3 \u2013 0<br \/>\nCategor\u00eda 2004: 2 \u2013 0<br \/>\nCategor\u00eda 2003: 2 \u2013 1<br \/>\nCategor\u00eda 5\u00aa Div: 1 \u2013 3 <\/p>\n<p><strong>UNION \u2013 JUVENTUD<\/strong><br \/>\nCategor\u00eda 2009: 2 (Franco Bandoni, Dylan Tropea) \u2013 0<br \/>\nCategor\u00eda 2008: 2 (Benjam\u00edn Santana 2) \u2013 1 (Vicente Sosa)<br \/>\nCategor\u00eda 2007: 0 \u2013 0<br \/>\nCategor\u00eda 2006: 1 (Mat\u00edas Siri) \u2013 1 (Mateo Manfredi)<br \/>\nCategor\u00eda 2005: 0 \u2013 2 (Roberto Mansilla, Alexis Oyola)<br \/>\nCategor\u00eda 2004: 1 (Tedoro Guti\u00e9rrez) \u2013 1 (Marcos G\u00f3mez)<br \/>\nCategor\u00eda 2003: 2 (Juan Bondanza, Jerem\u00edas D\u00edaz) \u2013 4 (Sebasti\u00e1n Carrera, Santiago Men\u00e9ndez, Latuaro Robles, Agust\u00edn S\u00e1nchez)<br \/>\nCategor\u00eda 5\u00aa Div: 0 \u2013 1 (Rodrigo P\u00e1ncera)<\/p>\n<p><strong>VELEZ SARSFIELD \u2013 MERCEDES \u201cA\u201d<\/strong><br \/>\nCategor\u00eda 2009: 2 (Mirko Cabral, Mateo Mart\u00ednez) \u2013 1 (Joaqu\u00edn Musante)<br \/>\nCategor\u00eda 2008: 1 (Laureano Machuca) \u2013 0<br \/>\nCategor\u00eda 2007: 1 (Gustavo Morales) \u2013 1 (Mateo Blanco)<br \/>\nCategor\u00eda 2006: 0 \u2013 2 (Enzo Cretella, Mateo Lima)<br \/>\nCategor\u00eda 2004: 0 \u2013 0<br \/>\nCategor\u00eda 2003: 1 (Ezequiel Maidana) \u2013 2 (Fausto Chico 2)<br \/>\nCategor\u00eda 5\u00aa Div: 2 (Dante D\u00edaz, Alexis Losa) \u2013 2 (Mateo Bianco, Esteban Gonz\u00e1lez)<\/p>\n<p>ESTUDIANTES \u2013 LOS VASCOS<br \/>\nCategor\u00eda 2009: 0 \u2013 1 (I\u00e1n Rodr\u00edguez)<br \/>\nCategor\u00eda 2008: 1 (Tob\u00edas Barbon) \u2013 2 (Alan Morales 2)<br \/>\nCategor\u00eda 2007: 0 \u2013 1 (Ulises Fontano)<br \/>\nCategor\u00eda 2006: 2 (Franco Adorno, Tom\u00e1s C\u00f3rdoba) \u2013 0<br \/>\nCategor\u00eda 2005: 2 (Sebasti\u00e1n Gonz\u00e1lez, Mateo Zammitto) \u2013 0<br \/>\nCategor\u00eda 2004: 5 (Agust\u00edn Lucero 3, Rodrigo Ponce 2) \u2013 3 (Michael Caccia 2, Nicol\u00e1s Guevara)<br \/>\nCategor\u00eda 2003: 2 (Javier Moyano 2) \u2013 2 (Santiago Cotar, Luciano Mart\u00ednez)<\/p>\n<p><strong>EL FRONTON \u2013 COMUNICACIONES<\/strong><br \/>\nCategor\u00eda 2009: 2 (Gast\u00f3n Crosetti, Faustino Maffioli) \u2013 3 (Bautista Torre 2, Ian Vega)<br \/>\nCategor\u00eda 2008: 0 \u2013 1 (Bautista Cruz)<br \/>\nCategor\u00eda 2007: 1 (Mat\u00edas Roda) \u2013 1 (Juan Barigozzi)<br \/>\nCategor\u00eda 2006: 7 (Mat\u00edas D\u2019Este 2, Franco Dinardi 2, Thom\u00e1s G\u00f3mez, Mat\u00edas Pozzeb\u00f3n 2) \u2013 1 (Nicol\u00e1s Heredia)<br \/>\nCategor\u00eda 2005: 3 (Tiago Fern\u00e1ndez, Joaqu\u00edn Garavano, Enzo Serrano) \u2013 0<br \/>\nCategor\u00eda 2004: 2 (Ramiro Galeano, Augusto Rossi) \u2013 0<br \/>\nCategor\u00eda 5\u00aa Div: 2 (Iv\u00e1n Amdor, Santiago Crosetti) \u2013 0 <\/p>\n","protected":false},"excerpt":{"rendered":"<p>ACTUALIZANDO QUILMES \u2013 DEFENSORES Categor\u00eda 2009: 1 (Dylan De Rosas) \u2013 0 Categor\u00eda 2008: 3 (Mateo Biglia, Bautista Cabral, Mauricio Rold\u00e1n) \u2013 0 Categor\u00eda 2007: 1 (Juan Chaparro) \u2013 0 Categor\u00eda 2006: 3 (Tiago Arias, Francisco Ferraris, Kevin L\u00f3pez) \u2013 0 Categor\u00eda 2005: 1 (Agust\u00edn Pitaro) \u2013 0 Categor\u00eda 2003: 3 (Emiliano Buscalia, Gonzalo Ramallo, Lautaro Mart\u00ednez) \u2013 0 Categor\u00eda<\/p>\n","protected":false},"author":2,"featured_media":0,"comment_status":"open","ping_status":"open","sticky":false,"template":"","format":"standard","meta":{"footnotes":""},"categories":[4],"tags":[],"class_list":["post-22573","post","type-post","status-publish","format-standard","hentry","category-informaciongeneral"],"_links":{"self":[{"href":"https:\/\/ligamercedina.com\/web\/wp-json\/wp\/v2\/posts\/22573","targetHints":{"allow":["GET"]}}],"collection":[{"href":"https:\/\/ligamercedina.com\/web\/wp-json\/wp\/v2\/posts"}],"about":[{"href":"https:\/\/ligamercedina.com\/web\/wp-json\/wp\/v2\/types\/post"}],"author":[{"embeddable":true,"href":"https:\/\/ligamercedina.com\/web\/wp-json\/wp\/v2\/users\/2"}],"replies":[{"embeddable":true,"href":"https:\/\/ligamercedina.com\/web\/wp-json\/wp\/v2\/comments?post=22573"}],"version-history":[{"count":2,"href":"https:\/\/ligamercedina.com\/web\/wp-json\/wp\/v2\/posts\/22573\/revisions"}],"predecessor-version":[{"id":22577,"href":"https:\/\/ligamercedina.com\/web\/wp-json\/wp\/v2\/posts\/22573\/revisions\/22577"}],"wp:attachment":[{"href":"https:\/\/ligamercedina.com\/web\/wp-json\/wp\/v2\/media?parent=22573"}],"wp:term":[{"taxonomy":"category","embeddable":true,"href":"https:\/\/ligamercedina.com\/web\/wp-json\/wp\/v2\/categories?post=22573"},{"taxonomy":"post_tag","embeddable":true,"href":"https:\/\/ligamercedina.com\/web\/wp-json\/wp\/v2\/tags?post=22573"}],"curies":[{"name":"wp","href":"https:\/\/api.w.org\/{rel}","templated":true}]}}