{"id":22538,"date":"2018-07-11T09:25:42","date_gmt":"2018-07-11T12:25:42","guid":{"rendered":"https:\/\/ligamercedina.com\/web\/?p=22538"},"modified":"2018-07-11T09:26:28","modified_gmt":"2018-07-11T12:26:28","slug":"horarios-confirmados-para-el-fin-de-semana-2","status":"publish","type":"post","link":"https:\/\/ligamercedina.com\/web\/horarios-confirmados-para-el-fin-de-semana-2\/","title":{"rendered":"HORARIOS CONFIRMADOS PARA EL FIN  DE SEMANA"},"content":{"rendered":"<blockquote><p><strong>PRIMERA DIVISION<\/strong><\/p><\/blockquote>\n<p><em><strong>S\u00e1bado 14 de julio, cancha Liga Mercedina<\/strong><\/em><br \/>\n13:00 hs. Estudiantes Vs.  Comunicaciones (A puertas cerradas)<br \/>\n15:00 hs. Col\u00f3n Vs. Pe\u00f1a Xeneize<br \/>\n17:00 hs. AMEFIP Vs. Juventud<\/p>\n<p><em><strong>S\u00e1bado 14 de julio, cancha Pabell\u00f3n Argentino<\/strong><\/em><br \/>\n14:00 hs. Pabell\u00f3n Argentino Vs. Mercedes<\/p>\n<p><em><strong>S\u00e1bado 14 de julio, cancha El Front\u00f3n<\/strong><\/em><br \/>\n16:15 hs. El Front\u00f3n Vs. Quilmes<\/p>\n<p><em><strong>Domingo 15 de julio, cancha Liga Mercedina<\/strong><\/em><br \/>\n11:00 hs. El Tim\u00f3n Vs. Atl\u00e9tico Marcos Paz<br \/>\n13:00 hs. V\u00e9lez Sarsfield Vs. Uni\u00f3n<br \/>\n15:00 hs. Palometas FC Vs. Defensores Jrs.<br \/>\n17:00 hs. Ateneo Vs. Holanda<\/p>\n<p><em><strong>Domingo 15 de julio, cancha Costa Brava<\/strong><\/em><br \/>\n20:00 hs. Costa Brava Vs. Trocha<\/p>\n<blockquote><p><strong>RESERVA<\/strong><\/p><\/blockquote>\n<p><em><strong>S\u00e1bado 14 de julio, cancha Ateneo<\/strong><\/em><br \/>\n12:30 hs. Col\u00f3n Pe\u00f1a Xeneize<br \/>\n14:15 hs. Ateneo Vs. Holanda<\/p>\n<p><em><strong>S\u00e1bado 14 de julio, cancha Comunicaciones<\/strong><\/em><br \/>\n13:30 hs.  Palometas Vs. Defensores<br \/>\n15:30 hs. Comunicaciones Vs. Estudiantes<\/p>\n<p><em><strong>S\u00e1bado 14 de julio, cancha V\u00e9lez Sarsfield<\/strong><\/em><br \/>\n15:45 hs.  V\u00e9lez Vs. Uni\u00f3n<\/p>\n<p><em><strong>S\u00e1bado 14 de julio, cancha Quilmes<\/strong><\/em><br \/>\n15:45 hs. El Tim\u00f3n Vs. Atl. Marcos Paz<\/p>\n<p><em><strong>S\u00e1bado 14 de julio, cancha Liga Mercedina<\/strong><\/em><br \/>\n19:00 hs. AMEFIP Vs. Juventud<\/p>\n<p><em><strong>S\u00e1bado 14 de julio, cancha Pabell\u00f3n Argentino<\/strong><\/em><br \/>\n12:00 hs. Pabell\u00f3n Argentino Vs. Mercedes<\/p>\n<p><em><strong>S\u00e1bado 14 de julio, cancha El Front\u00f3n<\/strong><\/em><br \/>\n18:00 hs. El Front\u00f3n Vs. Quilmes<\/p>\n<p><em><strong>Domingo 15 de julio, cancha Costa Brava<\/strong><\/em><br \/>\n18:00 hs. Costa Brava Vs. Trocha<\/p>\n<blockquote><p><strong>INFANTIL<\/strong><\/p><\/blockquote>\n<p>Estudiantes Vs. Los Vascos, El Front\u00f3n Vs. Comunicaciones, Quilmes Vs. Defensores, Uni\u00f3n Vs. Juventud , V\u00e9lez Vs. Mercedes \u00abA\u00bb<\/p>\n<p>13:00 hs. Categor\u00eda Promocional<br \/>\n14:00 hs. Categor\u00eda 2009<br \/>\n15:00 hs. Categor\u00eda 2008<br \/>\n16:00 hs. Categor\u00eda 2007<\/p>\n<blockquote><p><strong>JUVENILES<\/strong><\/p><\/blockquote>\n<p>Mercedes Vs. Pabell\u00f3n Argentino,  Uni\u00f3n Vs. Juventud,  Atl\u00e9tico Marcos Paz Vs. Ateneo.<\/p>\n<p>11:00 hs. Categor\u00eda 2004<br \/>\n12:15 hs. Categor\u00eda 2005<br \/>\n13:30 hs. Categor\u00eda 2006<br \/>\n14:45 hs. Categor\u00eda 2003<br \/>\n16:00 hs. Categor\u00eda 5\u00aa Divisi\u00f3n<\/p>\n<p>El Front\u00f3n Vs. Comunicaciones<br \/>\n11:00 hs. Categor\u00eda 2004<br \/>\n12:15 hs. Categor\u00eda 2005<br \/>\n13:30 hs. Categor\u00eda 2006<br \/>\n14:45 hs. Categor\u00eda 5\u00aa Divisi\u00f3n<\/p>\n<p>Estudiantes Vs. Los Vascos<br \/>\n11:00 hs. Categor\u00eda 2004<br \/>\n12:15 hs. Categor\u00eda 2005<br \/>\n13:30 hs. Categor\u00eda 2006<br \/>\n14:45 hs. Categor\u00eda 2003<\/p>\n<p>Quilmes Vs. Defensores<br \/>\n10:45 hs. Categor\u00eda 2005<br \/>\n12:00 hs. Categor\u00eda 2006<br \/>\n13:15 hs. Categor\u00eda 2003<br \/>\n14:30 hs. Categor\u00eda 5\u00aa Divisi\u00f3n<\/p>\n<p>V\u00e9lez Vs. Mercedes \u00abA\u00bb<br \/>\n10:45 hs. Categor\u00eda 2004<br \/>\n12:00 hs. Categor\u00eda 2006<br \/>\n13:15 hs. Categor\u00eda 2003<br \/>\n14:30 hs. Categor\u00eda 5\u00aa Divisi\u00f3n<\/p>\n","protected":false},"excerpt":{"rendered":"<p>PRIMERA DIVISION S\u00e1bado 14 de julio, cancha Liga Mercedina 13:00 hs. Estudiantes Vs. Comunicaciones (A puertas cerradas) 15:00 hs. Col\u00f3n Vs. Pe\u00f1a Xeneize 17:00 hs. AMEFIP Vs. Juventud S\u00e1bado 14 de julio, cancha Pabell\u00f3n Argentino 14:00 hs. Pabell\u00f3n Argentino Vs. Mercedes S\u00e1bado 14 de julio, cancha El Front\u00f3n 16:15 hs. El Front\u00f3n Vs. Quilmes Domingo 15 de julio, cancha Liga<\/p>\n","protected":false},"author":2,"featured_media":0,"comment_status":"open","ping_status":"open","sticky":false,"template":"","format":"standard","meta":{"footnotes":""},"categories":[4],"tags":[],"class_list":["post-22538","post","type-post","status-publish","format-standard","hentry","category-informaciongeneral"],"_links":{"self":[{"href":"https:\/\/ligamercedina.com\/web\/wp-json\/wp\/v2\/posts\/22538","targetHints":{"allow":["GET"]}}],"collection":[{"href":"https:\/\/ligamercedina.com\/web\/wp-json\/wp\/v2\/posts"}],"about":[{"href":"https:\/\/ligamercedina.com\/web\/wp-json\/wp\/v2\/types\/post"}],"author":[{"embeddable":true,"href":"https:\/\/ligamercedina.com\/web\/wp-json\/wp\/v2\/users\/2"}],"replies":[{"embeddable":true,"href":"https:\/\/ligamercedina.com\/web\/wp-json\/wp\/v2\/comments?post=22538"}],"version-history":[{"count":2,"href":"https:\/\/ligamercedina.com\/web\/wp-json\/wp\/v2\/posts\/22538\/revisions"}],"predecessor-version":[{"id":22540,"href":"https:\/\/ligamercedina.com\/web\/wp-json\/wp\/v2\/posts\/22538\/revisions\/22540"}],"wp:attachment":[{"href":"https:\/\/ligamercedina.com\/web\/wp-json\/wp\/v2\/media?parent=22538"}],"wp:term":[{"taxonomy":"category","embeddable":true,"href":"https:\/\/ligamercedina.com\/web\/wp-json\/wp\/v2\/categories?post=22538"},{"taxonomy":"post_tag","embeddable":true,"href":"https:\/\/ligamercedina.com\/web\/wp-json\/wp\/v2\/tags?post=22538"}],"curies":[{"name":"wp","href":"https:\/\/api.w.org\/{rel}","templated":true}]}}