{"id":22497,"date":"2018-07-06T19:45:15","date_gmt":"2018-07-06T22:45:15","guid":{"rendered":"https:\/\/ligamercedina.com\/web\/?p=22497"},"modified":"2018-07-06T19:45:15","modified_gmt":"2018-07-06T22:45:15","slug":"infanto-juvenil-fecha-del-sabado-postergada-para-el-lunes-2","status":"publish","type":"post","link":"https:\/\/ligamercedina.com\/web\/infanto-juvenil-fecha-del-sabado-postergada-para-el-lunes-2\/","title":{"rendered":"INFANTO JUVENIL: FECHA DEL SABADO POSTERGADA PARA EL LUNES"},"content":{"rendered":"<blockquote><p><strong>Atento a la comunicaci\u00f3n brindada por algunos delegados sobre el estado de canchas donde est\u00e1 prevista actividad ma\u00f1ana s\u00e1bado, y dado el clima actual, desde la Comisi\u00f3n Directiva se informa la postergaci\u00f3n de los partidos correspondientes a los torneos de F\u00fatbol Infanto &#8211; Juvenil.<br \/>\nEn tal sentido, todos los encuentros que deb\u00edan jugarse ma\u00f1ana s\u00e1bado se disputar\u00e1n el pr\u00f3ximo lunes, manteni\u00e9ndose los mismos horarios.<\/p>\n<p>Con relaci\u00f3n a los partidos de Reserva y Primera, en instantes se brindar\u00e1 informaci\u00f3n<\/strong><\/p><\/blockquote>\n","protected":false},"excerpt":{"rendered":"<p>Atento a la comunicaci\u00f3n brindada por algunos delegados sobre el estado de canchas donde est\u00e1 prevista actividad ma\u00f1ana s\u00e1bado, y dado el clima actual, desde la Comisi\u00f3n Directiva se informa la postergaci\u00f3n de los partidos correspondientes a los torneos de F\u00fatbol Infanto &#8211; Juvenil. En tal sentido, todos los encuentros que deb\u00edan jugarse ma\u00f1ana s\u00e1bado se disputar\u00e1n el pr\u00f3ximo lunes,<\/p>\n","protected":false},"author":2,"featured_media":0,"comment_status":"open","ping_status":"open","sticky":false,"template":"","format":"standard","meta":{"footnotes":""},"categories":[4],"tags":[],"class_list":["post-22497","post","type-post","status-publish","format-standard","hentry","category-informaciongeneral"],"_links":{"self":[{"href":"https:\/\/ligamercedina.com\/web\/wp-json\/wp\/v2\/posts\/22497","targetHints":{"allow":["GET"]}}],"collection":[{"href":"https:\/\/ligamercedina.com\/web\/wp-json\/wp\/v2\/posts"}],"about":[{"href":"https:\/\/ligamercedina.com\/web\/wp-json\/wp\/v2\/types\/post"}],"author":[{"embeddable":true,"href":"https:\/\/ligamercedina.com\/web\/wp-json\/wp\/v2\/users\/2"}],"replies":[{"embeddable":true,"href":"https:\/\/ligamercedina.com\/web\/wp-json\/wp\/v2\/comments?post=22497"}],"version-history":[{"count":1,"href":"https:\/\/ligamercedina.com\/web\/wp-json\/wp\/v2\/posts\/22497\/revisions"}],"predecessor-version":[{"id":22498,"href":"https:\/\/ligamercedina.com\/web\/wp-json\/wp\/v2\/posts\/22497\/revisions\/22498"}],"wp:attachment":[{"href":"https:\/\/ligamercedina.com\/web\/wp-json\/wp\/v2\/media?parent=22497"}],"wp:term":[{"taxonomy":"category","embeddable":true,"href":"https:\/\/ligamercedina.com\/web\/wp-json\/wp\/v2\/categories?post=22497"},{"taxonomy":"post_tag","embeddable":true,"href":"https:\/\/ligamercedina.com\/web\/wp-json\/wp\/v2\/tags?post=22497"}],"curies":[{"name":"wp","href":"https:\/\/api.w.org\/{rel}","templated":true}]}}