{"id":22489,"date":"2018-07-04T09:30:39","date_gmt":"2018-07-04T12:30:39","guid":{"rendered":"https:\/\/ligamercedina.com\/web\/?p=22489"},"modified":"2018-07-04T09:30:39","modified_gmt":"2018-07-04T12:30:39","slug":"futbol-femenino-el-sabado-se-juega-la-final-en-primera","status":"publish","type":"post","link":"https:\/\/ligamercedina.com\/web\/futbol-femenino-el-sabado-se-juega-la-final-en-primera\/","title":{"rendered":"FUTBOL FEMENINO: EL SABADO SE JUEGA LA FINAL EN PRIMERA"},"content":{"rendered":"<p><em><strong>S\u00e1bado 7 de julio, cancha Quilmes<\/strong><\/em><br \/>\n16 hs. V\u00e9lez Sarsfield Vs. El Front\u00f3n<\/p>\n<p><strong>* En caso de empate, se definir\u00e1 por penales<\/strong><\/p>\n","protected":false},"excerpt":{"rendered":"<p>S\u00e1bado 7 de julio, cancha Quilmes 16 hs. V\u00e9lez Sarsfield Vs. El Front\u00f3n * En caso de empate, se definir\u00e1 por penales<\/p>\n","protected":false},"author":2,"featured_media":0,"comment_status":"open","ping_status":"open","sticky":false,"template":"","format":"standard","meta":{"footnotes":""},"categories":[4],"tags":[],"class_list":["post-22489","post","type-post","status-publish","format-standard","hentry","category-informaciongeneral"],"_links":{"self":[{"href":"https:\/\/ligamercedina.com\/web\/wp-json\/wp\/v2\/posts\/22489","targetHints":{"allow":["GET"]}}],"collection":[{"href":"https:\/\/ligamercedina.com\/web\/wp-json\/wp\/v2\/posts"}],"about":[{"href":"https:\/\/ligamercedina.com\/web\/wp-json\/wp\/v2\/types\/post"}],"author":[{"embeddable":true,"href":"https:\/\/ligamercedina.com\/web\/wp-json\/wp\/v2\/users\/2"}],"replies":[{"embeddable":true,"href":"https:\/\/ligamercedina.com\/web\/wp-json\/wp\/v2\/comments?post=22489"}],"version-history":[{"count":1,"href":"https:\/\/ligamercedina.com\/web\/wp-json\/wp\/v2\/posts\/22489\/revisions"}],"predecessor-version":[{"id":22490,"href":"https:\/\/ligamercedina.com\/web\/wp-json\/wp\/v2\/posts\/22489\/revisions\/22490"}],"wp:attachment":[{"href":"https:\/\/ligamercedina.com\/web\/wp-json\/wp\/v2\/media?parent=22489"}],"wp:term":[{"taxonomy":"category","embeddable":true,"href":"https:\/\/ligamercedina.com\/web\/wp-json\/wp\/v2\/categories?post=22489"},{"taxonomy":"post_tag","embeddable":true,"href":"https:\/\/ligamercedina.com\/web\/wp-json\/wp\/v2\/tags?post=22489"}],"curies":[{"name":"wp","href":"https:\/\/api.w.org\/{rel}","templated":true}]}}