{"id":22462,"date":"2018-07-01T20:35:30","date_gmt":"2018-07-01T23:35:30","guid":{"rendered":"https:\/\/ligamercedina.com\/web\/?p=22462"},"modified":"2018-07-01T20:35:30","modified_gmt":"2018-07-01T23:35:30","slug":"infanto-juvenil-resultados-fecha-9-4","status":"publish","type":"post","link":"https:\/\/ligamercedina.com\/web\/infanto-juvenil-resultados-fecha-9-4\/","title":{"rendered":"INFANTO-JUVENIL: RESULTADOS FECHA 9"},"content":{"rendered":"<p><strong>EL FRONTON \u2013 SAPA<\/strong><br \/>\nCategor\u00eda 2006: 0 &#8211;  0<br \/>\nCategor\u00eda 2005: 6 (Joaqu\u00edn Garavano, Santiago G\u00f3mez,  Kevin Bra\u00f1as, M\u00e1ximo Mart\u00edn 2, Mat\u00edas Oberti) \u2013 0<br \/>\nCategor\u00eda 2004: 1 (Santiago Gussoni) \u2013 0<br \/>\nCategor\u00eda 2003: 2 (Tom\u00e1s Acosta, Tob\u00edas Miranda) &#8211;<br \/>\nCategor\u00eda 5a: 0 &#8211; 1 (Roberto Lozano)<\/p>\n<p><strong>EL FRONTON \u2013 MERCEDES (Pendientes fecha 7<\/strong><br \/>\nCategor\u00eda 2009: 3 (Bautista Costanso, Benjamin Ghessi, Lorenzo Gigena) \u2013 2 (Juan Garc\u00eda, Santino Paoletta)<br \/>\nCategor\u00eda 2008: 0 \u2013 6 (M\u00e1ximo Cazenave, Tiago Moreno 2, Benjam\u00edn Mustoni 3)<br \/>\nCategor\u00eda 2007:  0 &#8211; 0 <\/p>\n<p><strong>QUILMES \u2013 LOS VASCOS<\/strong><br \/>\nCategor\u00eda 2009: 0 \u2013 1 (Albano Centeno)<br \/>\nCategor\u00eda 2008: 0 \u2013 3 (Mart\u00edn Almendariz 2, Mateo Carretero)<br \/>\nCategor\u00eda 2007:  2 (Dylan Amaya, Juan Chaparro) \u2013 1 (Benicio Cas\u00e1rico)<br \/>\nCategor\u00eda 2006: 8 (El\u00edas Ben\u00edtez, Kevin L\u00f3pez, Joaqu\u00edn Riquelme 3, Luka Somoza) \u2013 0<br \/>\nCategor\u00eda 2005: 3 (Felipe Emateguy 2, Ezequiel Pailacura) \u2013 0<br \/>\nCategor\u00eda 2004: 1 (Joaqu\u00edn Guzm\u00e1n) \u2013 2 (Mateo Vadell, Felipe Zanotti)<br \/>\nCategor\u00eda 2003: 1 (Leonardo Acevedo) \u2013 1 (Luciano Mart\u00ednez)<\/p>\n<p><strong>MERCEDES \u201cA\u201d \u2013 ATENEO<\/strong><br \/>\nCategor\u00eda 2009: 2 (Ciro Flores, Bruno S\u00e1nchez) \u2013 5 (Lorenzo Gonz\u00e1lez 3, Kevin Aboitz, Felipe Rebagliati)<br \/>\nCategor\u00eda 2008: 1 (Valent\u00edn De Cuadro) \u2013 3 (Lorenzo Cejas, Brandon Leguizam\u00f3n 2)<br \/>\nCategor\u00eda 2007: 1 (Mateo Blanco) \u2013 2 (Ulises Maineri, Fausto San Pedro)<br \/>\nCategor\u00eda 2006: 0 \u2013 2 (Marino Avalle, Santino Crivelli)<br \/>\nCategor\u00eda 2005: 2 (Tom\u00e1s Escudero, Lorenzo Montuori) &#8211;  0<br \/>\nCategor\u00eda 2004: 0 \u2013 1 (Bautista Bessega)<br \/>\nCategor\u00eda 2003: 0 \u2013 0<br \/>\nCategor\u00eda 5a: 1 (Facundo P\u00e9rez) \u2013 0 <\/p>\n<p><strong>UNION \u2013 COMUNICACIONES<\/strong><br \/>\nCategor\u00eda 2009: 3 (Ramiro Peruchi 2, Dylan Tropea) \u2013 1 (Bautista Torre)<br \/>\nCategor\u00eda 2008: 0 \u2013 0<br \/>\nCategor\u00eda 2007: 0 \u2013 1 (Santino Rojas)<br \/>\nCategor\u00eda 2006: 6 (Lautaro Climi\u00f1o, Juan Lapolla 3, Francisco S\u00e1nchez, Julio Zunino) \u2013 0<br \/>\nCategor\u00eda 2005: 3 (Lautaro Perucchi, Joaqu\u00edn Schenone 2) \u2013 1 (Ger\u00f3nimo Minetti)<br \/>\nCategor\u00eda 2004: 2 (Lucas Est\u00e9vez, Francisco Gallardo) \u2013 0<br \/>\nCategor\u00eda 5a: 0 \u2013 6 (Nicol\u00e1s Arnaudo, Kevin Bigongiari 2, Santiago Larraburo, Diego Mart\u00ednez, Javer Vacherand=<\/p>\n<p><strong>VELEZ \u2013 JUVENTUD<\/strong><br \/>\nCategor\u00eda 2009: 2 (Mirko Cabral 2) \u2013 3 (Salvador Cabrio 2, Jon\u00e1s Gonz\u00e1lez)<br \/>\nCategor\u00eda 2008: 0 \u2013 1 (Dante Gonz\u00e1lez)<br \/>\nCategor\u00eda 2007: 1 (Dylan Morales) \u2013 0<br \/>\nCategor\u00eda 2006: 0 &#8211; 3 (Enzo Averame, Owen Luzzi, M\u00e1ximo Vi\u00f1ales)<br \/>\nCategor\u00eda 2004:  1 (Kevin Pucheta)- 1 (Jorge Gonz\u00e1lez)<br \/>\nCategor\u00eda 2003: 1 (Javier Robledo) &#8211; 3 (Sebasti\u00e1n Cabrera, Santiago Men\u00e9ndez, Jos\u00e9 Perruistet)<br \/>\nCategor\u00eda 5a: 0 &#8211; 1 (Rodrigo P\u00e1ncera)<\/p>\n<p><strong>ESTUDIANTES \u2013 PALOMETAS<\/strong><br \/>\nCategor\u00eda 2009: 2 (Facundo Grasso, Pedro Murrie) \u2013 0<br \/>\nCategor\u00eda 2008: 3 (Nicol\u00e1s Despalanques, Lorenzo D\u00edaz, Benjam\u00edn Pugliese) \u2013 0<br \/>\nCategor\u00eda 2007:  4 (Facundo Aguirre, Genaro Barrere 2, Manuel Solivella) &#8211; 0<br \/>\nCategor\u00eda 2006:  0 &#8211; 0<br \/>\nCategor\u00eda 2005: 1 (Nicol\u00e1s Navarro) \u2013 0<br \/>\nCategor\u00eda 2004: 2 (Tom\u00e1s Lucero, Rodrigo Ponce) \u2013 0<br \/>\nCategor\u00eda 2003: 4 (Mateo Duarte, Mat\u00edas Gallo, Javier Moyano 2) \u2013 1 (Akeen Gonz\u00e1lez)<br \/>\nCategor\u00eda 5a: 0 \u2013 3 (Lucas Fern\u00e1ndez 2, Juli\u00e1n Villalba)<\/p>\n","protected":false},"excerpt":{"rendered":"<p>EL FRONTON \u2013 SAPA Categor\u00eda 2006: 0 &#8211; 0 Categor\u00eda 2005: 6 (Joaqu\u00edn Garavano, Santiago G\u00f3mez, Kevin Bra\u00f1as, M\u00e1ximo Mart\u00edn 2, Mat\u00edas Oberti) \u2013 0 Categor\u00eda 2004: 1 (Santiago Gussoni) \u2013 0 Categor\u00eda 2003: 2 (Tom\u00e1s Acosta, Tob\u00edas Miranda) &#8211; Categor\u00eda 5a: 0 &#8211; 1 (Roberto Lozano) EL FRONTON \u2013 MERCEDES (Pendientes fecha 7 Categor\u00eda 2009: 3 (Bautista Costanso, Benjamin<\/p>\n","protected":false},"author":2,"featured_media":0,"comment_status":"open","ping_status":"open","sticky":false,"template":"","format":"standard","meta":{"footnotes":""},"categories":[4],"tags":[],"class_list":["post-22462","post","type-post","status-publish","format-standard","hentry","category-informaciongeneral"],"_links":{"self":[{"href":"https:\/\/ligamercedina.com\/web\/wp-json\/wp\/v2\/posts\/22462","targetHints":{"allow":["GET"]}}],"collection":[{"href":"https:\/\/ligamercedina.com\/web\/wp-json\/wp\/v2\/posts"}],"about":[{"href":"https:\/\/ligamercedina.com\/web\/wp-json\/wp\/v2\/types\/post"}],"author":[{"embeddable":true,"href":"https:\/\/ligamercedina.com\/web\/wp-json\/wp\/v2\/users\/2"}],"replies":[{"embeddable":true,"href":"https:\/\/ligamercedina.com\/web\/wp-json\/wp\/v2\/comments?post=22462"}],"version-history":[{"count":1,"href":"https:\/\/ligamercedina.com\/web\/wp-json\/wp\/v2\/posts\/22462\/revisions"}],"predecessor-version":[{"id":22463,"href":"https:\/\/ligamercedina.com\/web\/wp-json\/wp\/v2\/posts\/22462\/revisions\/22463"}],"wp:attachment":[{"href":"https:\/\/ligamercedina.com\/web\/wp-json\/wp\/v2\/media?parent=22462"}],"wp:term":[{"taxonomy":"category","embeddable":true,"href":"https:\/\/ligamercedina.com\/web\/wp-json\/wp\/v2\/categories?post=22462"},{"taxonomy":"post_tag","embeddable":true,"href":"https:\/\/ligamercedina.com\/web\/wp-json\/wp\/v2\/tags?post=22462"}],"curies":[{"name":"wp","href":"https:\/\/api.w.org\/{rel}","templated":true}]}}