{"id":22291,"date":"2018-06-13T20:55:54","date_gmt":"2018-06-13T23:55:54","guid":{"rendered":"https:\/\/ligamercedina.com\/web\/?p=22291"},"modified":"2018-06-17T18:41:53","modified_gmt":"2018-06-17T21:41:53","slug":"primera-reserva-nuevos-horarios-para-sabado-y-miercoles","status":"publish","type":"post","link":"https:\/\/ligamercedina.com\/web\/primera-reserva-nuevos-horarios-para-sabado-y-miercoles\/","title":{"rendered":"PRIMERA-RESERVA: NUEVOS HORARIOS PARA SABADO Y MIERCOLES"},"content":{"rendered":"<blockquote><p><strong>PRIMERA DIVISION<\/strong><\/p><\/blockquote>\n<p><em><strong>S\u00e1bado 16 de junio, cancha Liga Mercedina<\/strong><\/em><br \/>\n13:45 hs. AMEFIP Vs. Defensores<br \/>\n15:45 hs. Col\u00f3n Vs. Comunicaciones<br \/>\n17:45 hs. Quilmes Vs. Juventud<\/p>\n<p><em><strong>Mi\u00e9rcoles 20 de junio, cancha Liga Mercedina<\/strong><\/em><br \/>\n11:00 hs. Defensores Vs. Palometas<br \/>\n13:00 hs. El Tim\u00f3n Vs. Ateneo<br \/>\n15:00 hs. Pe\u00f1a Xeneize Vs. Mercedes<br \/>\n17:00 hs. Estudiantes Vs. Atl\u00e9tico Marcos Paz<\/p>\n<blockquote><p><strong>RESERVA<\/strong><\/p><\/blockquote>\n<p><em><strong>S\u00e1bado 16 de junio, cancha Ateneo<\/strong><\/em><br \/>\n13:30 hs.El Tim\u00f3n Vs. Ateneo<br \/>\n15:30 hs. Mercedes Vs. Holanda<\/p>\n<p><em><strong>S\u00e1bado 16 de junio, cancha Quilmes<\/strong><\/em><br \/>\n15:00 hs. Quilmes Vs. Juventud<\/p>\n<p><em><strong>Mi\u00e9rcoles 20 de junio, cancha Comunicaciones<\/strong><\/em><br \/>\n13:30 hs. Defensores Vs. El Front\u00f3n<br \/>\n15:30 hs. Colon Vs. Comunicaciones<\/p>\n<p><em><strong>Mi\u00e9rcoles 20 de junio, cancha Estudiantes<\/strong><\/em><br \/>\n13:00 hs. Uni\u00f3n Vs. AMEFIP<br \/>\n15:00 hs. Estudiantes Vs. Atl\u00e9tico<\/p>\n<p><em><strong>Mi\u00e9rcoles 20 de junio, cancha V\u00e9lez<\/strong><\/em><br \/>\n15:00 hs. Trocha Vs. Quilmes<\/p>\n","protected":false},"excerpt":{"rendered":"<p>PRIMERA DIVISION S\u00e1bado 16 de junio, cancha Liga Mercedina 13:45 hs. AMEFIP Vs. Defensores 15:45 hs. Col\u00f3n Vs. Comunicaciones 17:45 hs. Quilmes Vs. Juventud Mi\u00e9rcoles 20 de junio, cancha Liga Mercedina 11:00 hs. Defensores Vs. Palometas 13:00 hs. El Tim\u00f3n Vs. Ateneo 15:00 hs. Pe\u00f1a Xeneize Vs. Mercedes 17:00 hs. Estudiantes Vs. Atl\u00e9tico Marcos Paz RESERVA S\u00e1bado 16 de junio,<\/p>\n","protected":false},"author":2,"featured_media":0,"comment_status":"open","ping_status":"open","sticky":false,"template":"","format":"standard","meta":{"footnotes":""},"categories":[4],"tags":[],"class_list":["post-22291","post","type-post","status-publish","format-standard","hentry","category-informaciongeneral"],"_links":{"self":[{"href":"https:\/\/ligamercedina.com\/web\/wp-json\/wp\/v2\/posts\/22291","targetHints":{"allow":["GET"]}}],"collection":[{"href":"https:\/\/ligamercedina.com\/web\/wp-json\/wp\/v2\/posts"}],"about":[{"href":"https:\/\/ligamercedina.com\/web\/wp-json\/wp\/v2\/types\/post"}],"author":[{"embeddable":true,"href":"https:\/\/ligamercedina.com\/web\/wp-json\/wp\/v2\/users\/2"}],"replies":[{"embeddable":true,"href":"https:\/\/ligamercedina.com\/web\/wp-json\/wp\/v2\/comments?post=22291"}],"version-history":[{"count":2,"href":"https:\/\/ligamercedina.com\/web\/wp-json\/wp\/v2\/posts\/22291\/revisions"}],"predecessor-version":[{"id":22305,"href":"https:\/\/ligamercedina.com\/web\/wp-json\/wp\/v2\/posts\/22291\/revisions\/22305"}],"wp:attachment":[{"href":"https:\/\/ligamercedina.com\/web\/wp-json\/wp\/v2\/media?parent=22291"}],"wp:term":[{"taxonomy":"category","embeddable":true,"href":"https:\/\/ligamercedina.com\/web\/wp-json\/wp\/v2\/categories?post=22291"},{"taxonomy":"post_tag","embeddable":true,"href":"https:\/\/ligamercedina.com\/web\/wp-json\/wp\/v2\/tags?post=22291"}],"curies":[{"name":"wp","href":"https:\/\/api.w.org\/{rel}","templated":true}]}}