{"id":22112,"date":"2018-05-30T21:54:33","date_gmt":"2018-05-31T00:54:33","guid":{"rendered":"https:\/\/ligamercedina.com\/web\/?p=22112"},"modified":"2018-05-30T22:52:20","modified_gmt":"2018-05-31T01:52:20","slug":"primera-reserva-horarios-para-postergados","status":"publish","type":"post","link":"https:\/\/ligamercedina.com\/web\/primera-reserva-horarios-para-postergados\/","title":{"rendered":"PRIMERA &#8211; RESERVA: HORARIOS PARA POSTERGADOS -CON RECTIFICACION-"},"content":{"rendered":"<blockquote><p><strong>PRIMERA DIVISION<\/strong><\/p><\/blockquote>\n<p><em><strong>Mi\u00e9rcoles 6 de junio, cancha Liga Mercedina<\/strong><\/em><br \/>\n19:15 hs. Mercedes &#8211; Estudiantes (A puertas cerradas)<br \/>\n21:15 hs. Holanda Vs. Atl\u00e9tico Marcos Paz<\/p>\n<p><em><strong>Mi\u00e9rcoles 6 de junio, cancha Costa Brava<\/strong><\/em><br \/>\n20:15 hs.Costa Brava Vs. V\u00e9lez<\/p>\n<p><em><strong>Jueves 7 de junio, cancha Liga Mercedina<\/strong><\/em><br \/>\n19:15 hs. Uni\u00f3n Vs. AMEFIP<br \/>\n21:15 hs. Defensores Vs. El Front\u00f3n<\/p>\n<blockquote><p><strong>RESERVA<\/strong><\/p><\/blockquote>\n<p><em><strong>Mi\u00e9rcoles 6 de junio, cancha Costa Brava<\/strong><\/em><br \/>\n18:30 hs.Costa Brava Vs. V\u00e9lez<\/p>\n<p><em><strong>Mi\u00e9rcoles 6 de junio, cancha Ateneo<\/strong><\/em><br \/>\n19:00 hs. Holanda Vs. Atl\u00e9tico Marcos Paz<\/p>\n<p><strong>SON ENCUENTROS PERTENECIENTES A LA FECHA 1<\/strong><\/p>\n","protected":false},"excerpt":{"rendered":"<p>PRIMERA DIVISION Mi\u00e9rcoles 6 de junio, cancha Liga Mercedina 19:15 hs. Mercedes &#8211; Estudiantes (A puertas cerradas) 21:15 hs. Holanda Vs. Atl\u00e9tico Marcos Paz Mi\u00e9rcoles 6 de junio, cancha Costa Brava 20:15 hs.Costa Brava Vs. V\u00e9lez Jueves 7 de junio, cancha Liga Mercedina 19:15 hs. Uni\u00f3n Vs. AMEFIP 21:15 hs. Defensores Vs. El Front\u00f3n RESERVA Mi\u00e9rcoles 6 de junio, cancha<\/p>\n","protected":false},"author":2,"featured_media":0,"comment_status":"open","ping_status":"open","sticky":false,"template":"","format":"standard","meta":{"footnotes":""},"categories":[4],"tags":[],"class_list":["post-22112","post","type-post","status-publish","format-standard","hentry","category-informaciongeneral"],"_links":{"self":[{"href":"https:\/\/ligamercedina.com\/web\/wp-json\/wp\/v2\/posts\/22112","targetHints":{"allow":["GET"]}}],"collection":[{"href":"https:\/\/ligamercedina.com\/web\/wp-json\/wp\/v2\/posts"}],"about":[{"href":"https:\/\/ligamercedina.com\/web\/wp-json\/wp\/v2\/types\/post"}],"author":[{"embeddable":true,"href":"https:\/\/ligamercedina.com\/web\/wp-json\/wp\/v2\/users\/2"}],"replies":[{"embeddable":true,"href":"https:\/\/ligamercedina.com\/web\/wp-json\/wp\/v2\/comments?post=22112"}],"version-history":[{"count":4,"href":"https:\/\/ligamercedina.com\/web\/wp-json\/wp\/v2\/posts\/22112\/revisions"}],"predecessor-version":[{"id":22120,"href":"https:\/\/ligamercedina.com\/web\/wp-json\/wp\/v2\/posts\/22112\/revisions\/22120"}],"wp:attachment":[{"href":"https:\/\/ligamercedina.com\/web\/wp-json\/wp\/v2\/media?parent=22112"}],"wp:term":[{"taxonomy":"category","embeddable":true,"href":"https:\/\/ligamercedina.com\/web\/wp-json\/wp\/v2\/categories?post=22112"},{"taxonomy":"post_tag","embeddable":true,"href":"https:\/\/ligamercedina.com\/web\/wp-json\/wp\/v2\/tags?post=22112"}],"curies":[{"name":"wp","href":"https:\/\/api.w.org\/{rel}","templated":true}]}}