{"id":22106,"date":"2018-05-29T19:40:59","date_gmt":"2018-05-29T22:40:59","guid":{"rendered":"https:\/\/ligamercedina.com\/web\/?p=22106"},"modified":"2018-05-29T19:40:59","modified_gmt":"2018-05-29T22:40:59","slug":"resolucion-3","status":"publish","type":"post","link":"https:\/\/ligamercedina.com\/web\/resolucion-3\/","title":{"rendered":"RESOLUCION"},"content":{"rendered":"<p><em><strong>Mercedes, 29 de mayo<\/strong><\/em><\/p>\n<p><strong>CONSIDERANDO<\/strong><br \/>\nQue a partir de situaciones ocurridas durante el partido que el \u00faltimo s\u00e1bado disputaron los equipos de Comunicaciones y Mercedes, por el torneo de Primera Divisi\u00f3n, donde hubo utilizaci\u00f3n de elementos de pirotecnia por parte de las dos parcialidades.<br \/>\nQue hubo intenci\u00f3n de ingreso por la fuerza al Estadio por parte de la parcialidad de Mercedes, y que durante el desarrollo del juego, se arrojaron elementos al arquero rival<\/p>\n<p><strong>TENIENDO EN CUENTA<\/strong><br \/>\nQue las autoridades de la Liga recibieron pedidos de informaci\u00f3n por parte de la APREVIDE y de la Secretar\u00eda de Seguridad Municipal sobre situaci\u00f3n ocurrida y an\u00e1lisis de la continuidad de los torneos <\/p>\n<p><strong>SE RESUELVE<\/strong><br \/>\n1) No autorizar al club Comunicaciones por una (1) fecha para que su p\u00fablico pueda asistir a pr\u00f3ximo partido a desarrollarse en cancha de la Liga.<\/p>\n<p>2) No autorizar a Club Mercedes por dos (2) fechas de suspensi\u00f3n para que su p\u00fablico pueda asistir a los pr\u00f3ximos dos compromisos a jugarse en cancha de la Liga.<br \/>\nEn este sentido se hace saber al club Atl\u00e9tico Marcos Paz que deber\u00e1 comunicar antes del pr\u00f3ximo viernes si posibilita o no el ingreso de p\u00fablico visitante. Ello depender\u00e1 de las tramitaciones que la entidad que hace de local lleve adelante con la Polic\u00eda encargada del operativo.<\/p>\n<p>La Liga Mercedina informa adem\u00e1s que recibi\u00f3 comunicaci\u00f3n en cuanto a que ser\u00e1 convocada por la Secretar\u00eda de Control Urbano para dar cuenta sobre lo sucedido.<br \/>\nEn el mismo sentido se hace saber que autoridades de la APREVIDE solicitaron informaci\u00f3n sobre lo ocurrido en el partido jugado entre V\u00e9lez Sarsfield y El Front\u00f3n, donde el \u00e1rbitro fuera agredido por un jugador.<br \/>\nEn este caso, desde la entidad ya se ha enviado una comunicaci\u00f3n, y a la vez queda a disposici\u00f3n del organismo de seguridad a los fines de avanzar en la prevenci\u00f3n de la seguridad en los partidos de los torneos del \u00e1mbito local.<\/p>\n","protected":false},"excerpt":{"rendered":"<p>Mercedes, 29 de mayo CONSIDERANDO Que a partir de situaciones ocurridas durante el partido que el \u00faltimo s\u00e1bado disputaron los equipos de Comunicaciones y Mercedes, por el torneo de Primera Divisi\u00f3n, donde hubo utilizaci\u00f3n de elementos de pirotecnia por parte de las dos parcialidades. Que hubo intenci\u00f3n de ingreso por la fuerza al Estadio por parte de la parcialidad de<\/p>\n","protected":false},"author":2,"featured_media":0,"comment_status":"open","ping_status":"open","sticky":false,"template":"","format":"standard","meta":{"footnotes":""},"categories":[4],"tags":[],"class_list":["post-22106","post","type-post","status-publish","format-standard","hentry","category-informaciongeneral"],"_links":{"self":[{"href":"https:\/\/ligamercedina.com\/web\/wp-json\/wp\/v2\/posts\/22106","targetHints":{"allow":["GET"]}}],"collection":[{"href":"https:\/\/ligamercedina.com\/web\/wp-json\/wp\/v2\/posts"}],"about":[{"href":"https:\/\/ligamercedina.com\/web\/wp-json\/wp\/v2\/types\/post"}],"author":[{"embeddable":true,"href":"https:\/\/ligamercedina.com\/web\/wp-json\/wp\/v2\/users\/2"}],"replies":[{"embeddable":true,"href":"https:\/\/ligamercedina.com\/web\/wp-json\/wp\/v2\/comments?post=22106"}],"version-history":[{"count":1,"href":"https:\/\/ligamercedina.com\/web\/wp-json\/wp\/v2\/posts\/22106\/revisions"}],"predecessor-version":[{"id":22107,"href":"https:\/\/ligamercedina.com\/web\/wp-json\/wp\/v2\/posts\/22106\/revisions\/22107"}],"wp:attachment":[{"href":"https:\/\/ligamercedina.com\/web\/wp-json\/wp\/v2\/media?parent=22106"}],"wp:term":[{"taxonomy":"category","embeddable":true,"href":"https:\/\/ligamercedina.com\/web\/wp-json\/wp\/v2\/categories?post=22106"},{"taxonomy":"post_tag","embeddable":true,"href":"https:\/\/ligamercedina.com\/web\/wp-json\/wp\/v2\/tags?post=22106"}],"curies":[{"name":"wp","href":"https:\/\/api.w.org\/{rel}","templated":true}]}}