{"id":22099,"date":"2018-05-27T23:30:53","date_gmt":"2018-05-28T02:30:53","guid":{"rendered":"https:\/\/ligamercedina.com\/web\/?p=22099"},"modified":"2018-05-31T22:26:25","modified_gmt":"2018-06-01T01:26:25","slug":"primera-reserva-inferiores-anticipo-horarios-para-proximo-fin-de-semana","status":"publish","type":"post","link":"https:\/\/ligamercedina.com\/web\/primera-reserva-inferiores-anticipo-horarios-para-proximo-fin-de-semana\/","title":{"rendered":"PRIMERA-RESERVA-INFERIORES: ANTICIPO HORARIOS PARA PROXIMO FIN DE SEMANA"},"content":{"rendered":"<blockquote><p><strong>PRIMERA DIVISION<\/strong><\/p><\/blockquote>\n<p><em><strong>S\u00e1bado 2 de junio, cancha Liga Mercedina<\/strong><\/em><br \/>\n13: hs. El Tim\u00f3n Vs. Col\u00f3n de Luj\u00e1n<br \/>\n15 hs. Comunicaciones Vs. Pe\u00f1a Xeneize<br \/>\n17 hs. Quilmes Vs. Palometas<\/p>\n<p><em><strong>Domingo 3 de junio, cancha Liga Mercedina<\/strong><\/em><br \/>\n11 hs. Defensores Vs. Uni\u00f3n<br \/>\n13 hs. AMEFIP Vs. V\u00e9lez<br \/>\n15 hs. Ateneo Vs. Pabell\u00f3n Argentino<br \/>\n17 hs. Holanda Vs. Estudiantes<\/p>\n<p><em><strong>S\u00e1bado 2 junio, cancha El Front\u00f3n<\/strong><\/em><br \/>\n16:00 hs. El Front\u00f3n Vs. Costa Brava<\/p>\n<p><em><strong>Domingo 3 de junio, cancha Juventud<\/strong><\/em><br \/>\n15:30 hs. Juventud Vs. Trocha<\/p>\n<p><em><strong>Domingo 3 de junio, cancha Atl\u00e9tico Marcos Paz<\/strong><\/em><br \/>\n15:00 hs. Atl\u00e9tico Marcos Paz Vs. Mercedes<\/p>\n<blockquote><p><strong>RESERVA<\/strong><\/p><\/blockquote>\n<p><em><strong>S\u00e1bado 2 de junio, cancha Comunicaciones<\/strong><\/em><br \/>\n12:30 hs. Comunicaciones Vs Pe\u00f1a Xeneize<br \/>\n14:15 hs. Defensores Vs. Uni\u00f3n<\/p>\n<p><em><strong>Domingo 3 de junio, cancha Quilmes<\/strong><\/em><br \/>\n11:00 hs. Holanda Vs. Estudiantes<br \/>\n12:45 hs. Quilmes Vs. Palometas<\/p>\n<p><em><strong>Domingo 3 de junio, cancha Ateneo<\/strong><\/em><br \/>\n12:00 hs. Ateneo Vs. Pabell\u00f3n Argentino<br \/>\n13:45 hs. El Tim\u00f3n Vs. Col\u00f3n<br \/>\n15:45 hs. AMEFIP VS. V\u00e9lez  <\/p>\n<p><em><strong>S\u00e1bado 2 junio, cancha El Front\u00f3n<\/strong><\/em><br \/>\n14:00 hs. El Front\u00f3n Vs. Costa Brava<\/p>\n<p><em><strong>Domingo 3 de junio, cancha Juventud<\/strong><\/em><br \/>\n13:30 hs. Juventud Vs. Trocha<\/p>\n<p><em><strong>Domingo 3 de junio, cancha Atl\u00e9tico Marcos Paz<\/strong><\/em><br \/>\n13:00 hs. Atl\u00e9tico Marcos Paz Vs. Mercedes<\/p>\n<blockquote><p><strong>INFANTIL<\/strong><\/p><\/blockquote>\n<p>Quilmes Vs. Estudiantes, Uni\u00f3n Vs. Mercedes, Mercedes \u00abA\u00bb Vs. Los Vascos, Ateneo Vs. Comunicaciones, Juventud  Vs. Defensores<\/p>\n<p>13:00 hs. Categor\u00eda Promocional<br \/>\n14:00 hs. Categor\u00eda 2009<br \/>\n15:00 hs. Categor\u00eda 2008<br \/>\n16:00 hs. Categor\u00eda 2007<\/p>\n<blockquote><p><strong>JUVENIL<\/strong><\/p><\/blockquote>\n<p>Quilmes Vs. Estudiantes, Uni\u00f3n Vs. Mercedes,<br \/>\n11:00 hs. Categor\u00eda 2004<br \/>\n12:15 hs. Categor\u00eda 2005<br \/>\n13:30 hs. Categor\u00eda 2006<br \/>\n14:45 hs. Categor\u00eda 2003<br \/>\n16:00 hs. Categor\u00eda 5\u00aa Divisi\u00f3n<\/p>\n<p>Atl\u00e9tico Marcos Paz Vs. Palometas<br \/>\n11:00 hs. Categor\u00eda 2006<br \/>\n12:15 hs. Categor\u00eda 2005<br \/>\n13:30 hs. Categor\u00eda 2004<br \/>\n14:45 hs. Categor\u00eda 2003<br \/>\n16:00 hs. Categor\u00eda 5\u00aa Divisi\u00f3n<\/p>\n<p>V\u00e9lez Vs. Pabell\u00f3n Argentino<br \/>\n11:00 hs. Categor\u00eda 2004<br \/>\n12:30 hs. Categor\u00eda 2006<br \/>\n13:45 hs. Categor\u00eda 2003<br \/>\n15:00 hs. Categor\u00eda 5\u00aa Divisi\u00f3n<\/p>\n<p>Mercedes \u00abA\u00bb\tVS. Los Vascos<br \/>\n11:00 hs. Categor\u00eda 2004<br \/>\n12:15 hs. Categor\u00eda 2005<br \/>\n13:30 hs. Categor\u00eda 2006<br \/>\n14:45 hs. Categor\u00eda 2003<\/p>\n<p>Ateneo Vs. Comunicaciones<br \/>\n11:00 hs. Categor\u00eda 2004<br \/>\n12:15 hs. Categor\u00eda 2005<br \/>\n13:30 hs. Categor\u00eda 2006<br \/>\n14:45 hs. Categor\u00eda 5\u00aa Divisi\u00f3n<\/p>\n<p>Juventud  Vs. Defensores<br \/>\n12:30 hs. Categor\u00eda 2005<br \/>\n13:45 hs. Categor\u00eda 2006<br \/>\n15:00 hs. Categor\u00eda 2003<br \/>\n16:15 hs. Categor\u00eda 5\u00aa Divisi\u00f3n<\/p>\n","protected":false},"excerpt":{"rendered":"<p>PRIMERA DIVISION S\u00e1bado 2 de junio, cancha Liga Mercedina 13: hs. El Tim\u00f3n Vs. Col\u00f3n de Luj\u00e1n 15 hs. Comunicaciones Vs. Pe\u00f1a Xeneize 17 hs. Quilmes Vs. Palometas Domingo 3 de junio, cancha Liga Mercedina 11 hs. Defensores Vs. Uni\u00f3n 13 hs. AMEFIP Vs. V\u00e9lez 15 hs. Ateneo Vs. Pabell\u00f3n Argentino 17 hs. Holanda Vs. Estudiantes S\u00e1bado 2 junio, cancha<\/p>\n","protected":false},"author":2,"featured_media":0,"comment_status":"open","ping_status":"open","sticky":false,"template":"","format":"standard","meta":{"footnotes":""},"categories":[4],"tags":[],"class_list":["post-22099","post","type-post","status-publish","format-standard","hentry","category-informaciongeneral"],"_links":{"self":[{"href":"https:\/\/ligamercedina.com\/web\/wp-json\/wp\/v2\/posts\/22099","targetHints":{"allow":["GET"]}}],"collection":[{"href":"https:\/\/ligamercedina.com\/web\/wp-json\/wp\/v2\/posts"}],"about":[{"href":"https:\/\/ligamercedina.com\/web\/wp-json\/wp\/v2\/types\/post"}],"author":[{"embeddable":true,"href":"https:\/\/ligamercedina.com\/web\/wp-json\/wp\/v2\/users\/2"}],"replies":[{"embeddable":true,"href":"https:\/\/ligamercedina.com\/web\/wp-json\/wp\/v2\/comments?post=22099"}],"version-history":[{"count":5,"href":"https:\/\/ligamercedina.com\/web\/wp-json\/wp\/v2\/posts\/22099\/revisions"}],"predecessor-version":[{"id":22123,"href":"https:\/\/ligamercedina.com\/web\/wp-json\/wp\/v2\/posts\/22099\/revisions\/22123"}],"wp:attachment":[{"href":"https:\/\/ligamercedina.com\/web\/wp-json\/wp\/v2\/media?parent=22099"}],"wp:term":[{"taxonomy":"category","embeddable":true,"href":"https:\/\/ligamercedina.com\/web\/wp-json\/wp\/v2\/categories?post=22099"},{"taxonomy":"post_tag","embeddable":true,"href":"https:\/\/ligamercedina.com\/web\/wp-json\/wp\/v2\/tags?post=22099"}],"curies":[{"name":"wp","href":"https:\/\/api.w.org\/{rel}","templated":true}]}}