{"id":22073,"date":"2018-05-24T15:10:10","date_gmt":"2018-05-24T18:10:10","guid":{"rendered":"https:\/\/ligamercedina.com\/web\/?p=22073"},"modified":"2018-05-24T15:10:10","modified_gmt":"2018-05-24T18:10:10","slug":"todos-los-horarios-desde-viernes-a-miercoles","status":"publish","type":"post","link":"https:\/\/ligamercedina.com\/web\/todos-los-horarios-desde-viernes-a-miercoles\/","title":{"rendered":"TODOS LOS HORARIOS DESDE VIERNES A MIERCOLES"},"content":{"rendered":"<blockquote><p><strong>PRIMERA DIVISION<\/strong><\/p><\/blockquote>\n<p><em><strong>Viernes 25 de mayo, cancha Liga Mercedina<\/strong><\/em><br \/>\n11:00 hs. Trocha Vs. Defensores (A PUERTAS CERRADAS)<br \/>\n13:00 hs. Palometas Vs. A.M.E.F.I.P.<br \/>\n15:00 hs. Uni\u00f3n Vs. Quilmes<br \/>\n17:00 hs. V\u00e9lez Vs. El Front\u00f3n<br \/>\n19:00 hs. Pe\u00f1a Xeneize Vs. Holanda<\/p>\n<p><em><strong>S\u00e1bado 26 de mayo, cancha Liga Mercedina<\/strong><\/em><br \/>\n13:00 hs. Estudiantes Vs. El Tim\u00f3n<br \/>\n15:00 hs. Mercedes Vs. Comunicaciones<br \/>\n17:00 hs. Col\u00f3n Vs. Ateneo<\/p>\n<p><em><strong>Domingo 27 de mayo, cancha Pabell\u00f3n Argentino<\/strong><\/em><br \/>\n15:00 hs. Pabell\u00f3n Argentino Vs. Atl\u00e9tico Marcos Paz<\/p>\n<p><em><strong>Domingo 27 de mayo, cancha Municipal de Suipacha<\/strong><\/em><br \/>\n15:30 hs. Costa Brava Vs. Juventud<\/p>\n<ul>\n<strong>Postergados de la 5\u00aa fecha <\/strong><\/ul>\n<p><em><strong>Martes 29 de mayo, cancha Liga Mercedina<\/strong><\/em><br \/>\n19:30 hs. Holanda Vs. El Tim\u00f3n<br \/>\n21:30 hs. Quilmes Vs. A.M.E.F.I.P.<\/p>\n<p><em><strong>Mi\u00e9rcoles 30 de mayo, cancha Liga Mercedina<\/strong><\/em><br \/>\n19:30 hs. Pe\u00f1a Xeneize Vs. Mercedes<br \/>\n21:30 hs. Defensores Vs. Costa Brava<\/p>\n<blockquote><p><strong>RESERVA<\/strong><\/p><\/blockquote>\n<p><em><strong>Viernes 25 de mayo, cancha Ateneo<\/strong><\/em><br \/>\n12:00 hs. Estudiantes Vs. El Tim\u00f3n<br \/>\n13:45 hs. Mercedes Vs. Comunicaciones<br \/>\n15:30 hs  Col\u00f3n Vs. Ateneo <\/p>\n<p><em><strong>Viernes de mayo, cancha V\u00e9lez S\u00e1rsfield<\/strong><\/em><br \/>\n14:15 hs. V\u00e9lez Vs. El Front\u00f3n<br \/>\n16:00 hs. Palometas Vs. A.M.E.F.I.P.<\/p>\n<p><em><strong>Viernes 25 de mayo, cancha Quilmes<\/strong><\/em><br \/>\n12:00 hs. Uni\u00f3n Vs. Quilmes<br \/>\n13:45 hs. Trocha Vs. Defensores Juniors<br \/>\n15:30 hs. Pe\u00f1a Xeneize Vs. Holanda<\/p>\n<p><em><strong>Domingo 27 de mayo, cancha Pabell\u00f3n Argentino<\/strong><\/em><br \/>\n13:00 hs. Pabell\u00f3n Argentino Vs. Atl\u00e9tico Marcos Paz<\/p>\n<p><em><strong>Domingo 27 de mayo, cancha Municipal de Suipacha<\/strong><\/em><br \/>\n13:30 hs. Costa Brava Vs. Juventud<\/p>\n<blockquote><p><strong>INFANTIL<\/strong><\/p><\/blockquote>\n<p>Comunicaciones Vs. Juventud, Palometas Vs. V\u00e9lez, Estudiantes Vs. Uni\u00f3n, Quilmes Vs. Ateneo<\/p>\n<p>13:00 hs. Categor\u00eda Promocional<br \/>\n14:00 hs. Categor\u00eda 2009<br \/>\n15:00 hs. Categor\u00eda 2008<br \/>\n16:00 hs. Categor\u00eda 2007<\/p>\n<blockquote><p><strong>JUVENIL<\/strong><\/p><\/blockquote>\n<p>Estudiantes Vs. Uni\u00f3n, Quilmes Vs. Ateneo.<br \/>\n11:00 hs. Categor\u00eda 2004<br \/>\n12:15 hs. Categor\u00eda 2005<br \/>\n13:30 hs. Categor\u00eda 2006<br \/>\n14:45 hs. Categor\u00eda 2003<br \/>\n16:00 hs. Categor\u00eda 5\u00aa Divisi\u00f3n<\/p>\n<p>Palometas Vs. V\u00e9lez,<br \/>\n12:00 hs. Categor\u00eda 2004<br \/>\n13:15 hs. Categor\u00eda 2006<br \/>\n14:30 hs. Categor\u00eda 2003<br \/>\n15:45 hs. Categor\u00eda 5\u00aa Divisi\u00f3n<\/p>\n<p>Comunicaciones Vs. Juventud<br \/>\n12:00 hs. Categor\u00eda 2005<br \/>\n13:15 hs. Categor\u00eda 2004<br \/>\n14:30 hs. Categor\u00eda 2006<br \/>\n15:30 hs. Categor\u00eda 5\u00aa Divisi\u00f3n<\/p>\n<p>Pabell\u00f3n Argentino Vs. Mercedes \u201cA\u201d<br \/>\n11:00 hs. Categor\u00eda 2004<br \/>\n12:15 hs. Categor\u00eda 2005<br \/>\n13:30 hs. Categor\u00eda 2006<br \/>\n14:45 hs. Categor\u00eda 2003<br \/>\n16:00 hs. Categor\u00eda 5\u00aa Divisi\u00f3n<\/p>\n<p>Mercedes Vs. Atl\u00e9tico Marcos Paz<br \/>\n11:00 hs. Categor\u00eda 2004<br \/>\n12:15 hs. Categor\u00eda 2005<br \/>\n13:30 hs. Categor\u00eda 2006<br \/>\n14:45 hs. Categor\u00eda 2003<br \/>\n16:00 hs. Categor\u00eda 5\u00aa Divisi\u00f3n<\/p>\n<blockquote><p><strong>FUTBOL FEMENINO<\/strong><\/p><\/blockquote>\n<blockquote><p><strong>PRIMERA DIVISION<\/strong><\/p><\/blockquote>\n<p><em><strong>S\u00e1bado 26 de mayo, cancha Mercedes<\/strong><\/em><br \/>\n17 hs. V\u00e9lez Vs. Alfa<br \/>\n18 hs. Comunicaciones Vs. El Front\u00f3n<br \/>\n19 hs. Envi\u00f3n Vs. Estudiantes<br \/>\n20 hs. Uni\u00f3n Vs. Mercedes<\/p>\n<blockquote><p><strong>INFERIORES<\/strong><\/p><\/blockquote>\n<p><em><strong>Domingo 27 de mayo, cancha Estudiantes<\/strong><\/em><br \/>\n11 hs. -SUB 12- Comunicaciones Vs. Defensores<br \/>\n12 hs. -SUB 12- Alfa Vs. V\u00e9lez Sarsfield<br \/>\n13 hs. -SUB 14- Estudiantes Vs. Defensores<br \/>\n14 hs. -SUB 16- Alfa Vs. V\u00e9lez Sarsfield<br \/>\n15 hs. -SUB 16- Comunicaciones Vs. Defensores<\/p>\n","protected":false},"excerpt":{"rendered":"<p>PRIMERA DIVISION Viernes 25 de mayo, cancha Liga Mercedina 11:00 hs. Trocha Vs. Defensores (A PUERTAS CERRADAS) 13:00 hs. Palometas Vs. A.M.E.F.I.P. 15:00 hs. Uni\u00f3n Vs. Quilmes 17:00 hs. V\u00e9lez Vs. El Front\u00f3n 19:00 hs. Pe\u00f1a Xeneize Vs. Holanda S\u00e1bado 26 de mayo, cancha Liga Mercedina 13:00 hs. Estudiantes Vs. El Tim\u00f3n 15:00 hs. Mercedes Vs. Comunicaciones 17:00 hs. Col\u00f3n<\/p>\n","protected":false},"author":2,"featured_media":0,"comment_status":"open","ping_status":"open","sticky":false,"template":"","format":"standard","meta":{"footnotes":""},"categories":[4],"tags":[],"class_list":["post-22073","post","type-post","status-publish","format-standard","hentry","category-informaciongeneral"],"_links":{"self":[{"href":"https:\/\/ligamercedina.com\/web\/wp-json\/wp\/v2\/posts\/22073","targetHints":{"allow":["GET"]}}],"collection":[{"href":"https:\/\/ligamercedina.com\/web\/wp-json\/wp\/v2\/posts"}],"about":[{"href":"https:\/\/ligamercedina.com\/web\/wp-json\/wp\/v2\/types\/post"}],"author":[{"embeddable":true,"href":"https:\/\/ligamercedina.com\/web\/wp-json\/wp\/v2\/users\/2"}],"replies":[{"embeddable":true,"href":"https:\/\/ligamercedina.com\/web\/wp-json\/wp\/v2\/comments?post=22073"}],"version-history":[{"count":1,"href":"https:\/\/ligamercedina.com\/web\/wp-json\/wp\/v2\/posts\/22073\/revisions"}],"predecessor-version":[{"id":22074,"href":"https:\/\/ligamercedina.com\/web\/wp-json\/wp\/v2\/posts\/22073\/revisions\/22074"}],"wp:attachment":[{"href":"https:\/\/ligamercedina.com\/web\/wp-json\/wp\/v2\/media?parent=22073"}],"wp:term":[{"taxonomy":"category","embeddable":true,"href":"https:\/\/ligamercedina.com\/web\/wp-json\/wp\/v2\/categories?post=22073"},{"taxonomy":"post_tag","embeddable":true,"href":"https:\/\/ligamercedina.com\/web\/wp-json\/wp\/v2\/tags?post=22073"}],"curies":[{"name":"wp","href":"https:\/\/api.w.org\/{rel}","templated":true}]}}