{"id":22005,"date":"2018-05-11T09:15:30","date_gmt":"2018-05-11T12:15:30","guid":{"rendered":"https:\/\/ligamercedina.com\/web\/?p=22005"},"modified":"2018-05-11T09:15:30","modified_gmt":"2018-05-11T12:15:30","slug":"futbol-infanto-juvenil-fecha-suspendida-2","status":"publish","type":"post","link":"https:\/\/ligamercedina.com\/web\/futbol-infanto-juvenil-fecha-suspendida-2\/","title":{"rendered":"FUTBOL INFANTO JUVENIL: FECHA SUSPENDIDA"},"content":{"rendered":"<blockquote><p><strong>Atento a que instituciones como Los Vascos, El Front\u00f3n y Mercedes tienen sus campos de juego irrecuperables para ma\u00f1ana s\u00e1bado, se anticipa la definici\u00f3n sobre la suspensi\u00f3n de la fecha 4 del torneo.<\/strong><\/p><\/blockquote>\n","protected":false},"excerpt":{"rendered":"<p>Atento a que instituciones como Los Vascos, El Front\u00f3n y Mercedes tienen sus campos de juego irrecuperables para ma\u00f1ana s\u00e1bado, se anticipa la definici\u00f3n sobre la suspensi\u00f3n de la fecha 4 del torneo.<\/p>\n","protected":false},"author":2,"featured_media":0,"comment_status":"open","ping_status":"open","sticky":false,"template":"","format":"standard","meta":{"footnotes":""},"categories":[4],"tags":[],"class_list":["post-22005","post","type-post","status-publish","format-standard","hentry","category-informaciongeneral"],"_links":{"self":[{"href":"https:\/\/ligamercedina.com\/web\/wp-json\/wp\/v2\/posts\/22005","targetHints":{"allow":["GET"]}}],"collection":[{"href":"https:\/\/ligamercedina.com\/web\/wp-json\/wp\/v2\/posts"}],"about":[{"href":"https:\/\/ligamercedina.com\/web\/wp-json\/wp\/v2\/types\/post"}],"author":[{"embeddable":true,"href":"https:\/\/ligamercedina.com\/web\/wp-json\/wp\/v2\/users\/2"}],"replies":[{"embeddable":true,"href":"https:\/\/ligamercedina.com\/web\/wp-json\/wp\/v2\/comments?post=22005"}],"version-history":[{"count":1,"href":"https:\/\/ligamercedina.com\/web\/wp-json\/wp\/v2\/posts\/22005\/revisions"}],"predecessor-version":[{"id":22006,"href":"https:\/\/ligamercedina.com\/web\/wp-json\/wp\/v2\/posts\/22005\/revisions\/22006"}],"wp:attachment":[{"href":"https:\/\/ligamercedina.com\/web\/wp-json\/wp\/v2\/media?parent=22005"}],"wp:term":[{"taxonomy":"category","embeddable":true,"href":"https:\/\/ligamercedina.com\/web\/wp-json\/wp\/v2\/categories?post=22005"},{"taxonomy":"post_tag","embeddable":true,"href":"https:\/\/ligamercedina.com\/web\/wp-json\/wp\/v2\/tags?post=22005"}],"curies":[{"name":"wp","href":"https:\/\/api.w.org\/{rel}","templated":true}]}}