{"id":21804,"date":"2018-04-16T21:23:51","date_gmt":"2018-04-17T00:23:51","guid":{"rendered":"https:\/\/ligamercedina.com\/web\/?p=21804"},"modified":"2018-04-17T20:49:54","modified_gmt":"2018-04-17T23:49:54","slug":"horarios-para-el-fin-de-semana-primera-inferiores-y-femenino","status":"publish","type":"post","link":"https:\/\/ligamercedina.com\/web\/horarios-para-el-fin-de-semana-primera-inferiores-y-femenino\/","title":{"rendered":"HORARIOS PARA EL FIN DE SEMANA: PRIMERA, INFERIORES Y FEMENINO"},"content":{"rendered":"<blockquote><p><strong>PRIMERA DIVISION<\/strong><\/p><\/blockquote>\n<p><em><strong>S\u00e1bado 21 de abril, cancha Liga Mercedina<\/strong><\/em><br \/>\n13 hs. El Tim\u00f3n Vs. Ateneo<br \/>\n15 hs. V\u00e9lez Vs. Defensores<br \/>\n17 hs. Col\u00f3n Vs. Comunicaciones<br \/>\n19 hs. Estudiantes Vs. Atl\u00e9tico Marcos Paz<\/p>\n<p><em><strong>Domingo 22 de abril, cancha Liga Mercedina<\/strong><\/em><br \/>\n11 hs. Quilmes Vs. Trocha (A puertas cerradas)<br \/>\n13 hs. Mercedes Vs. Holanda<br \/>\n15 hs. Palometas Vs. Juventud<br \/>\n17 hs. AMEFIP Vs. El Front\u00f3n<\/p>\n<p><em><strong>Domingo 22 de abril, cancha Pabell\u00f3n Argentino<\/strong><\/em><br \/>\n15:30 hs. Pabell\u00f3n Argentino Vs. Pe\u00f1a Xeneize<\/p>\n<p><em><strong>Domingo 22 de abril, cancha Costa Brava<\/strong><\/em><br \/>\n16:00 hs. Costa Brava Vs. Uni\u00f3n<\/p>\n<blockquote><p><strong>RESERVA<\/strong><\/p><\/blockquote>\n<p><em><strong>S\u00e1bado 21 de abril, cancha Quilmes<\/strong><\/em><br \/>\n13:45 hs. Col\u00f3n Vs. Comunicaciones<br \/>\n15:30 hs. Quilmes Vs. Trocha<\/p>\n<p><em><strong>S\u00e1bado 21 de abril, cancha Ateneo<\/strong><\/em><br \/>\n14:15 hs. Mercedes Vs. Holanda<br \/>\n16:00 hs. Ateneo Vs. El Tim\u00f3n<\/p>\n<p><em><strong>S\u00e1bado 21 de abril, cancha V\u00e9lez<\/strong><\/em><br \/>\n12:45 hs. V\u00e9lez Vs. Defensores<br \/>\n14:30 hs. Estudiantes Vs. Atl\u00e9tico Marcos Paz<\/p>\n<p><em><strong>Domingo 22 de abril, cancha Ateneo<\/strong><\/em><br \/>\n12:30 hs. Palometas Vs. Juventud<br \/>\n14:15 hs. AMEFIP Vs. El Front\u00f3n<\/p>\n<p><em><strong>Domingo 22 de abril, cancha Pabell\u00f3n Argentino<\/strong><\/em><br \/>\nPabell\u00f3n Argentino Vs. Pe\u00f1a Xeneize<\/p>\n<p><em><strong>Domingo 22 de abril, cancha Costa Brava<\/strong><\/em><br \/>\n14:00 hs. Costa Brava Vs. Uni\u00f3n<\/p>\n<blockquote><p><strong>INFANTIL<\/strong><\/p><\/blockquote>\n<p>Comunicaciones Vs. Juventud,  Los Vascos Vs. Ateneo, Palometas  Vs.\tV\u00e9lez, Estudiantes Vs. Uni\u00f3n,  El Front\u00f3n\tVs. Quilmes<br \/>\n13:00 hs. Categor\u00eda Promocional<br \/>\n14:00 hs. Categor\u00eda 2009<br \/>\n15:00 hs. Categor\u00eda 2008<br \/>\n16:00 hs. Categor\u00eda 2007<\/p>\n<blockquote><p><strong>JUVENIL<\/strong><\/p><\/blockquote>\n<p>Estudiantes Vs. Uni\u00f3n, El Front\u00f3n Vs. Quilmes<br \/>\n11:00 hs. Categor\u00eda 2004<br \/>\n12:15 hs. Categor\u00eda 2005<br \/>\n13:30 hs. Categor\u00eda 2006<br \/>\n14:45 hs. Categor\u00eda 2003<br \/>\n16:00 hs. Categor\u00eda 5\u00aa Divisi\u00f3n<\/p>\n<p>Los Vascos Vs. Ateneo<br \/>\n11:00 hs. Categor\u00eda 2004<br \/>\n12:15 hs. Categor\u00eda 2005<br \/>\n13:30 hs. Categor\u00eda 2006<br \/>\n14:45 hs. Categor\u00eda 2003<\/p>\n<p>Palometas  Vs. V\u00e9lez,<br \/>\n12:00 hs. Categor\u00eda 2004<br \/>\n13:15 hs. Categor\u00eda 2006<br \/>\n14:30 hs. Categor\u00eda 2003<br \/>\n15:45 hs. Categor\u00eda 5\u00aa Divisi\u00f3n<\/p>\n<p>Comunicaciones Vs. Juventud<br \/>\n12:00 hs. Categor\u00eda 2004<br \/>\n13:15 hs. Categor\u00eda 2005<br \/>\n14:30 hs. Categor\u00eda 2006<br \/>\n15:30 hs. Categor\u00eda 5\u00aa Divisi\u00f3n<\/p>\n<p>Pabell\u00f3n Argentino Vs. Mercedes \u00abA\u00bb<br \/>\n11:00 hs. Categor\u00eda 2004<br \/>\n12:15 hs. Categor\u00eda 2005<br \/>\n13:30 hs. Categor\u00eda 2006<br \/>\n14:45 hs. Categor\u00eda 2003<br \/>\n16:00 hs. Categor\u00eda 5\u00aa Divisi\u00f3n<\/p>\n<p>Mercedes Vs. Atl\u00e9tico Marcos Paz<br \/>\n11:00 hs. Categor\u00eda 2004<br \/>\n12:15 hs. Categor\u00eda 2005<br \/>\n13:30 hs. Categor\u00eda 2006<br \/>\n14:45 hs. Categor\u00eda 2003<br \/>\n16:00 hs. Categor\u00eda 5\u00aa Divisi\u00f3n<\/p>\n<blockquote><p><strong>FUTBOL FEMENINO<\/strong><\/p><\/blockquote>\n<p><strong>PRIMERA DIVISION<\/strong><\/p>\n<p><em><strong>S\u00e1bado 21 de abril, cancha Estudiantes<\/strong><\/em><br \/>\n17 hs. Alfa Vs. Uni\u00f3n (Zona \u201cA\u201d)<br \/>\n18 hs. Envi\u00f3n Vs. El Front\u00f3n (Zona \u201cB\u201d)<br \/>\n19 hs. Estudiantes Vs. Comunicaciones (Zona \u201cA\u201d)<br \/>\n20 hs. V\u00e9lez Vs. Mercedes (Zona \u201cB\u201d)<\/p>\n<p><strong>INFERIORES<\/strong><br \/>\n<em><strong>Domingo 22 de abril, cancha Defensores Juniors<\/strong><\/em><br \/>\n11 hs. \u2013SUB 12-  Alfa Vs. Comunicaciones<br \/>\n12 hs. -SUB 12- Defensores Vs. V\u00e9lez Sarsfield<br \/>\n13 hs. \u2013 SUB 14 \u2013 Defensores Vs. V\u00e9lez Sarsfield<br \/>\n14 hs. \u2013 SUB 16 &#8211;  Alfa Vs. Comunicaciones<br \/>\n15 hs. \u2013 SUB 16 \u2013 Defensores Vs. V\u00e9lez Sarsfield<\/p>\n","protected":false},"excerpt":{"rendered":"<p>PRIMERA DIVISION S\u00e1bado 21 de abril, cancha Liga Mercedina 13 hs. El Tim\u00f3n Vs. Ateneo 15 hs. V\u00e9lez Vs. Defensores 17 hs. Col\u00f3n Vs. Comunicaciones 19 hs. Estudiantes Vs. Atl\u00e9tico Marcos Paz Domingo 22 de abril, cancha Liga Mercedina 11 hs. Quilmes Vs. Trocha (A puertas cerradas) 13 hs. Mercedes Vs. Holanda 15 hs. Palometas Vs. Juventud 17 hs. AMEFIP<\/p>\n","protected":false},"author":2,"featured_media":0,"comment_status":"open","ping_status":"open","sticky":false,"template":"","format":"standard","meta":{"footnotes":""},"categories":[4],"tags":[],"class_list":["post-21804","post","type-post","status-publish","format-standard","hentry","category-informaciongeneral"],"_links":{"self":[{"href":"https:\/\/ligamercedina.com\/web\/wp-json\/wp\/v2\/posts\/21804","targetHints":{"allow":["GET"]}}],"collection":[{"href":"https:\/\/ligamercedina.com\/web\/wp-json\/wp\/v2\/posts"}],"about":[{"href":"https:\/\/ligamercedina.com\/web\/wp-json\/wp\/v2\/types\/post"}],"author":[{"embeddable":true,"href":"https:\/\/ligamercedina.com\/web\/wp-json\/wp\/v2\/users\/2"}],"replies":[{"embeddable":true,"href":"https:\/\/ligamercedina.com\/web\/wp-json\/wp\/v2\/comments?post=21804"}],"version-history":[{"count":8,"href":"https:\/\/ligamercedina.com\/web\/wp-json\/wp\/v2\/posts\/21804\/revisions"}],"predecessor-version":[{"id":21877,"href":"https:\/\/ligamercedina.com\/web\/wp-json\/wp\/v2\/posts\/21804\/revisions\/21877"}],"wp:attachment":[{"href":"https:\/\/ligamercedina.com\/web\/wp-json\/wp\/v2\/media?parent=21804"}],"wp:term":[{"taxonomy":"category","embeddable":true,"href":"https:\/\/ligamercedina.com\/web\/wp-json\/wp\/v2\/categories?post=21804"},{"taxonomy":"post_tag","embeddable":true,"href":"https:\/\/ligamercedina.com\/web\/wp-json\/wp\/v2\/tags?post=21804"}],"curies":[{"name":"wp","href":"https:\/\/api.w.org\/{rel}","templated":true}]}}