{"id":21767,"date":"2018-04-04T23:38:38","date_gmt":"2018-04-05T02:38:38","guid":{"rendered":"https:\/\/ligamercedina.com\/web\/?p=21767"},"modified":"2018-04-04T23:39:52","modified_gmt":"2018-04-05T02:39:52","slug":"primera-reserva-ante-el-aumento-dictado-por-el-ministerio-de-seguridad-provincial-no-habra-actividad","status":"publish","type":"post","link":"https:\/\/ligamercedina.com\/web\/primera-reserva-ante-el-aumento-dictado-por-el-ministerio-de-seguridad-provincial-no-habra-actividad\/","title":{"rendered":"PRIMERA-RESERVA: ANTE EL AUMENTO DICTADO POR EL MINISTERIO DE SEGURIDAD PROVINCIAL EN LOS OPERATIVOS DE SEGURIDAD NO HABRA ACTIVIDAD"},"content":{"rendered":"<blockquote><p><strong>En la noche de este mi\u00e9rcoles se concret\u00f3 en la sede de la Liga Mercedina una reuni\u00f3n de dirigentes de clubes en la cual las m\u00e1ximas autoridades de la instituci\u00f3n brindaron informaci\u00f3n del encuentro mantenido con autoridades policiales.<\/p>\n<p>Si bien se puso de manifiesto la predisposici\u00f3n de la fuerza de seguridad para poder darle continuidad a la actividad, hubo coincidencia en que la nueva escala de valores de la polic\u00eda recientemente dictaminada por el Ministerio de Seguridad de la Provincia de Buenos Aires est\u00e1 fuera de posibilidad de afrontar por los distintos clubes afiliados.<\/p>\n<p>De esta manera se decidi\u00f3 suspender la actividad del pr\u00f3ximo fin de semana, tanto en Primera Divisi\u00f3n como en Reserva, y a la vez darle continuidad a nuevas reuniones.<\/p>\n<p>Se agreg\u00f3 que desde la Mesa Directiva se hicieron presentaciones ante el Honorable Concejo Deliberante de Mercedes y ante el Intendente Municipal, y desde la misma forma se actu\u00f3 ante los mismos organismos de la vecina localidad de San Andr\u00e9s de Giles, donde act\u00faa nuestro club afiliado El Front\u00f3n.<\/p>\n<p>Finalmente, desde la Mesa Directiva mostraron preocupaci\u00f3n por la actual situaci\u00f3n, acompa\u00f1ando la misma problem\u00e1tica con otras ligas de la regi\u00f3n, quienes tambi\u00e9n han decidido suspender la actividad- <\/strong><\/p><\/blockquote>\n","protected":false},"excerpt":{"rendered":"<p>En la noche de este mi\u00e9rcoles se concret\u00f3 en la sede de la Liga Mercedina una reuni\u00f3n de dirigentes de clubes en la cual las m\u00e1ximas autoridades de la instituci\u00f3n brindaron informaci\u00f3n del encuentro mantenido con autoridades policiales. Si bien se puso de manifiesto la predisposici\u00f3n de la fuerza de seguridad para poder darle continuidad a la actividad, hubo coincidencia<\/p>\n","protected":false},"author":2,"featured_media":0,"comment_status":"open","ping_status":"open","sticky":false,"template":"","format":"standard","meta":{"footnotes":""},"categories":[4],"tags":[],"class_list":["post-21767","post","type-post","status-publish","format-standard","hentry","category-informaciongeneral"],"_links":{"self":[{"href":"https:\/\/ligamercedina.com\/web\/wp-json\/wp\/v2\/posts\/21767","targetHints":{"allow":["GET"]}}],"collection":[{"href":"https:\/\/ligamercedina.com\/web\/wp-json\/wp\/v2\/posts"}],"about":[{"href":"https:\/\/ligamercedina.com\/web\/wp-json\/wp\/v2\/types\/post"}],"author":[{"embeddable":true,"href":"https:\/\/ligamercedina.com\/web\/wp-json\/wp\/v2\/users\/2"}],"replies":[{"embeddable":true,"href":"https:\/\/ligamercedina.com\/web\/wp-json\/wp\/v2\/comments?post=21767"}],"version-history":[{"count":3,"href":"https:\/\/ligamercedina.com\/web\/wp-json\/wp\/v2\/posts\/21767\/revisions"}],"predecessor-version":[{"id":21770,"href":"https:\/\/ligamercedina.com\/web\/wp-json\/wp\/v2\/posts\/21767\/revisions\/21770"}],"wp:attachment":[{"href":"https:\/\/ligamercedina.com\/web\/wp-json\/wp\/v2\/media?parent=21767"}],"wp:term":[{"taxonomy":"category","embeddable":true,"href":"https:\/\/ligamercedina.com\/web\/wp-json\/wp\/v2\/categories?post=21767"},{"taxonomy":"post_tag","embeddable":true,"href":"https:\/\/ligamercedina.com\/web\/wp-json\/wp\/v2\/tags?post=21767"}],"curies":[{"name":"wp","href":"https:\/\/api.w.org\/{rel}","templated":true}]}}