{"id":21754,"date":"2018-03-28T18:38:34","date_gmt":"2018-03-28T21:38:34","guid":{"rendered":"https:\/\/ligamercedina.com\/web\/?p=21754"},"modified":"2018-03-28T19:10:57","modified_gmt":"2018-03-28T22:10:57","slug":"horarios-para-el-fin-de-semana-con-modificaciones-2","status":"publish","type":"post","link":"https:\/\/ligamercedina.com\/web\/horarios-para-el-fin-de-semana-con-modificaciones-2\/","title":{"rendered":"HORARIOS PARA EL FIN DE SEMANA CON MODIFICACIONES"},"content":{"rendered":"<blockquote><p><strong>PRIMERA DIVISION<\/strong><\/p><\/blockquote>\n<p><em><strong>Viernes de marzo, cancha Liga Mercedina<\/strong><\/em><br \/>\n15:00 hs. Quilmes V. El Front\u00f3n<br \/>\n17:00 hs. Mercedes Vs. Pabell\u00f3n Argentino<br \/>\n19:00 hs. Trocha Vs. Costa Brava (A puertas cerradas) <\/p>\n<p><em><strong>Viernes 30 de marzo, cancha Atl\u00e9tico Marcos Paz<\/strong><\/em><br \/>\n16:15 hs. Atl\u00e9tico Marcos Paz. Vs. El Tim\u00f3n<\/p>\n<p><em><strong>S\u00e1bado 31 de marzo, cancha Juventud<\/strong><\/em><br \/>\n16:00 hs. Juventud Vs. AMEFIP<\/p>\n<p><em><strong>S\u00e1bado 31 de marzo, cancha Liga Mercedina<\/strong><\/em><br \/>\n13:00 hs. Comunicaciones Vs. Estudiantes<br \/>\n15:00 hs. Pe\u00f1a Xeneize Vs. Col\u00f3n<br \/>\n17:30 hs. Holanda Vs. Ateneo<br \/>\n19:00 hs. Uni\u00f3n Vs. V\u00e9lez<\/p>\n<p><em><strong>Postergado<\/strong><\/em><br \/>\nDefensores Vs. Palometas<\/p>\n<blockquote><p><strong>RESERVA<\/strong><\/p><\/blockquote>\n<p><em><strong>Viernes 30  de marzo, cancha Comunicaciones<\/strong><\/em><br \/>\n14:00 hs. Comunicaciones Vs. Estudiantes<br \/>\n16:00 hs. Defensores Vs. Palometas<\/p>\n<p><em><strong>Viernes 30 de marzo, cancha Quilmes<\/strong><\/em><br \/>\n14:00 hs. Mercedes Vs. Pabell\u00f3n Argentino<br \/>\n17:30 hs. Quilmes Vs. El Front\u00f3n<\/p>\n<p><em><strong>Viernes 30 de marzo, cancha Ateneo<\/strong><\/em><br \/>\n14:00 hs. Ateneo Vs. Holanda<br \/>\n16:00 hs. Trocha Vs. Costa Brava<\/p>\n<p>Viernes 30 de marzo, cancha V\u00e9lez Sarsfield<br \/>\n14:00 hs. Pe\u00f1a Xeneize Vs. Col\u00f3n<br \/>\n16:00 hs. V\u00e9lez Vs. Uni\u00f3n<\/p>\n<p><em><strong>Viernes 30 de marzo, cancha Atl\u00e9tico Marcos Paz<\/strong><\/em><br \/>\n14:15 hs. Atl\u00e9tico Marcos Paz. Vs. El Tim\u00f3n<\/p>\n<p><em><strong>S\u00e1bado 31  de marzo, cancha Juventud<\/strong><\/em><br \/>\n14:00 hs. Juventud Vs. AMEFIP<\/p>\n","protected":false},"excerpt":{"rendered":"<p>PRIMERA DIVISION Viernes de marzo, cancha Liga Mercedina 15:00 hs. Quilmes V. El Front\u00f3n 17:00 hs. Mercedes Vs. Pabell\u00f3n Argentino 19:00 hs. Trocha Vs. Costa Brava (A puertas cerradas) Viernes 30 de marzo, cancha Atl\u00e9tico Marcos Paz 16:15 hs. Atl\u00e9tico Marcos Paz. Vs. El Tim\u00f3n S\u00e1bado 31 de marzo, cancha Juventud 16:00 hs. Juventud Vs. AMEFIP S\u00e1bado 31 de marzo,<\/p>\n","protected":false},"author":2,"featured_media":0,"comment_status":"open","ping_status":"open","sticky":false,"template":"","format":"standard","meta":{"footnotes":""},"categories":[4],"tags":[],"class_list":["post-21754","post","type-post","status-publish","format-standard","hentry","category-informaciongeneral"],"_links":{"self":[{"href":"https:\/\/ligamercedina.com\/web\/wp-json\/wp\/v2\/posts\/21754","targetHints":{"allow":["GET"]}}],"collection":[{"href":"https:\/\/ligamercedina.com\/web\/wp-json\/wp\/v2\/posts"}],"about":[{"href":"https:\/\/ligamercedina.com\/web\/wp-json\/wp\/v2\/types\/post"}],"author":[{"embeddable":true,"href":"https:\/\/ligamercedina.com\/web\/wp-json\/wp\/v2\/users\/2"}],"replies":[{"embeddable":true,"href":"https:\/\/ligamercedina.com\/web\/wp-json\/wp\/v2\/comments?post=21754"}],"version-history":[{"count":3,"href":"https:\/\/ligamercedina.com\/web\/wp-json\/wp\/v2\/posts\/21754\/revisions"}],"predecessor-version":[{"id":21758,"href":"https:\/\/ligamercedina.com\/web\/wp-json\/wp\/v2\/posts\/21754\/revisions\/21758"}],"wp:attachment":[{"href":"https:\/\/ligamercedina.com\/web\/wp-json\/wp\/v2\/media?parent=21754"}],"wp:term":[{"taxonomy":"category","embeddable":true,"href":"https:\/\/ligamercedina.com\/web\/wp-json\/wp\/v2\/categories?post=21754"},{"taxonomy":"post_tag","embeddable":true,"href":"https:\/\/ligamercedina.com\/web\/wp-json\/wp\/v2\/tags?post=21754"}],"curies":[{"name":"wp","href":"https:\/\/api.w.org\/{rel}","templated":true}]}}