{"id":21730,"date":"2018-03-23T21:45:17","date_gmt":"2018-03-24T00:45:17","guid":{"rendered":"https:\/\/ligamercedina.com\/web\/?p=21730"},"modified":"2018-03-23T21:47:15","modified_gmt":"2018-03-24T00:47:15","slug":"tribunal-de-disciplina-ampliacion-fallo-2-2","status":"publish","type":"post","link":"https:\/\/ligamercedina.com\/web\/tribunal-de-disciplina-ampliacion-fallo-2-2\/","title":{"rendered":"TRIBUNAL DE DISCIPLINA: AMPLIACION FALLO 2"},"content":{"rendered":"<p><strong>HONORABLE TRIBUNAL DE PENAS<br \/>\nAMPLIACION FALLO N\u00ba 2 \/2018<\/strong><\/p>\n<p><em><strong>Mercedes, 23 de marzo de 2018.<\/strong><\/em><\/p>\n<p><strong>VISTO<\/strong><br \/>\n          Lo informado por la secretaria de la Liga en cuanto al informe presentado por el Club Trocha, tomando vista del mismo,  y m\u00e1s all\u00e1 de lo que resulte de la protesta del Club Palometas; este tribunal Resuelve: Levantar la suspensi\u00f3n provisoria que pesa sobre Pablo Leguizam\u00f3n y habilitar al mismo para jugar. (Art. 25 del Reglamento Interno).<\/p>\n<p>Dr. Mat\u00edas Marchessini.<br \/>\nDr. Juan Bidone.<\/p>\n","protected":false},"excerpt":{"rendered":"<p>HONORABLE TRIBUNAL DE PENAS AMPLIACION FALLO N\u00ba 2 \/2018 Mercedes, 23 de marzo de 2018. VISTO Lo informado por la secretaria de la Liga en cuanto al informe presentado por el Club Trocha, tomando vista del mismo, y m\u00e1s all\u00e1 de lo que resulte de la protesta del Club Palometas; este tribunal Resuelve: Levantar la suspensi\u00f3n provisoria que pesa sobre<\/p>\n","protected":false},"author":2,"featured_media":0,"comment_status":"open","ping_status":"open","sticky":false,"template":"","format":"standard","meta":{"footnotes":""},"categories":[4],"tags":[],"class_list":["post-21730","post","type-post","status-publish","format-standard","hentry","category-informaciongeneral"],"_links":{"self":[{"href":"https:\/\/ligamercedina.com\/web\/wp-json\/wp\/v2\/posts\/21730","targetHints":{"allow":["GET"]}}],"collection":[{"href":"https:\/\/ligamercedina.com\/web\/wp-json\/wp\/v2\/posts"}],"about":[{"href":"https:\/\/ligamercedina.com\/web\/wp-json\/wp\/v2\/types\/post"}],"author":[{"embeddable":true,"href":"https:\/\/ligamercedina.com\/web\/wp-json\/wp\/v2\/users\/2"}],"replies":[{"embeddable":true,"href":"https:\/\/ligamercedina.com\/web\/wp-json\/wp\/v2\/comments?post=21730"}],"version-history":[{"count":1,"href":"https:\/\/ligamercedina.com\/web\/wp-json\/wp\/v2\/posts\/21730\/revisions"}],"predecessor-version":[{"id":21731,"href":"https:\/\/ligamercedina.com\/web\/wp-json\/wp\/v2\/posts\/21730\/revisions\/21731"}],"wp:attachment":[{"href":"https:\/\/ligamercedina.com\/web\/wp-json\/wp\/v2\/media?parent=21730"}],"wp:term":[{"taxonomy":"category","embeddable":true,"href":"https:\/\/ligamercedina.com\/web\/wp-json\/wp\/v2\/categories?post=21730"},{"taxonomy":"post_tag","embeddable":true,"href":"https:\/\/ligamercedina.com\/web\/wp-json\/wp\/v2\/tags?post=21730"}],"curies":[{"name":"wp","href":"https:\/\/api.w.org\/{rel}","templated":true}]}}