{"id":21634,"date":"2018-03-10T22:09:23","date_gmt":"2018-03-11T01:09:23","guid":{"rendered":"https:\/\/ligamercedina.com\/web\/?p=21634"},"modified":"2018-03-10T22:09:23","modified_gmt":"2018-03-11T01:09:23","slug":"primera-division-torneo-90-aniversario-sera-la-denominacion-para-la-temporada","status":"publish","type":"post","link":"https:\/\/ligamercedina.com\/web\/primera-division-torneo-90-aniversario-sera-la-denominacion-para-la-temporada\/","title":{"rendered":"PRIMERA DIVISION: \u00abTORNEO 90 ANIVERSARIO\u00bb SERA LA DENOMINACION PARA LA TEMPORADA"},"content":{"rendered":"<blockquote><p><strong>Luego de analizar alternativas, dirigentes de la Comisi\u00f3n Directiva de la instituci\u00f3n, decidieron que en la presente temporada, el torneo de Primera Divisi\u00f3n recuerde los 90 a\u00f1os de vida que este a\u00f1o cumplir\u00e1 la Liga Mercedina.<br \/>\nFundada en agosto de 1928, la Liga Mercedina se erigi\u00f3 para darle una actividad oficial al f\u00fatbol de la ciudad. Desde ese entonces, en forma ininterrumpida fue proponiendo la actividad, logrando la incorporaci\u00f3n de distintas instituciones, no solo de Mercedes sino tambi\u00e9n de distintos puntos de la regi\u00f3n.<br \/>\nGran parte de su historia estuvo ligada al f\u00fatbol mayor, pero en el a\u00f1o 2003 incorpor\u00f3 el f\u00fatbol de todas las divisiones inferiores, donde los ni\u00f1os a partir de los 8 a\u00f1os de vida pueden ser parte de los cert\u00e1menes. A esto se suma que en 2017 sum\u00f3 el f\u00fatbol femenino, organizado bajo su \u00f3rbita.<br \/>\nCon momentos de gloria y tambi\u00e9n dif\u00edciles, la instituci\u00f3n se encuentra en las puertas de cumplir 90 a\u00f1os dentro de la comunidad.  <\/strong><\/p><\/blockquote>\n","protected":false},"excerpt":{"rendered":"<p>Luego de analizar alternativas, dirigentes de la Comisi\u00f3n Directiva de la instituci\u00f3n, decidieron que en la presente temporada, el torneo de Primera Divisi\u00f3n recuerde los 90 a\u00f1os de vida que este a\u00f1o cumplir\u00e1 la Liga Mercedina. Fundada en agosto de 1928, la Liga Mercedina se erigi\u00f3 para darle una actividad oficial al f\u00fatbol de la ciudad. Desde ese entonces, en<\/p>\n","protected":false},"author":2,"featured_media":0,"comment_status":"open","ping_status":"open","sticky":false,"template":"","format":"standard","meta":{"footnotes":""},"categories":[4],"tags":[],"class_list":["post-21634","post","type-post","status-publish","format-standard","hentry","category-informaciongeneral"],"_links":{"self":[{"href":"https:\/\/ligamercedina.com\/web\/wp-json\/wp\/v2\/posts\/21634","targetHints":{"allow":["GET"]}}],"collection":[{"href":"https:\/\/ligamercedina.com\/web\/wp-json\/wp\/v2\/posts"}],"about":[{"href":"https:\/\/ligamercedina.com\/web\/wp-json\/wp\/v2\/types\/post"}],"author":[{"embeddable":true,"href":"https:\/\/ligamercedina.com\/web\/wp-json\/wp\/v2\/users\/2"}],"replies":[{"embeddable":true,"href":"https:\/\/ligamercedina.com\/web\/wp-json\/wp\/v2\/comments?post=21634"}],"version-history":[{"count":1,"href":"https:\/\/ligamercedina.com\/web\/wp-json\/wp\/v2\/posts\/21634\/revisions"}],"predecessor-version":[{"id":21635,"href":"https:\/\/ligamercedina.com\/web\/wp-json\/wp\/v2\/posts\/21634\/revisions\/21635"}],"wp:attachment":[{"href":"https:\/\/ligamercedina.com\/web\/wp-json\/wp\/v2\/media?parent=21634"}],"wp:term":[{"taxonomy":"category","embeddable":true,"href":"https:\/\/ligamercedina.com\/web\/wp-json\/wp\/v2\/categories?post=21634"},{"taxonomy":"post_tag","embeddable":true,"href":"https:\/\/ligamercedina.com\/web\/wp-json\/wp\/v2\/tags?post=21634"}],"curies":[{"name":"wp","href":"https:\/\/api.w.org\/{rel}","templated":true}]}}