{"id":21631,"date":"2018-03-10T21:43:39","date_gmt":"2018-03-11T00:43:39","guid":{"rendered":"https:\/\/ligamercedina.com\/web\/?p=21631"},"modified":"2018-03-14T22:20:17","modified_gmt":"2018-03-15T01:20:17","slug":"primera-division-listas-de-buena-fe-temporada-2018","status":"publish","type":"post","link":"https:\/\/ligamercedina.com\/web\/primera-division-listas-de-buena-fe-temporada-2018\/","title":{"rendered":"PRIMERA DIVISION: LISTAS DE BUENA FE TEMPORADA 2018"},"content":{"rendered":"<p>Se van publicadas las listas presentadas por los clubes afiliadas de cara a la presente temporada.<br \/>\nDesde la comisi\u00f3n adelantaron que las mismas est\u00e1n sujetas a revisi\u00f3n, y se ir\u00e1n brindando pedidos de correcciones.<\/p>\n<blockquote><p><strong>AMEFIP<\/strong><\/p><\/blockquote>\n<p>Bartolomeo,  Jorge Adri\u00e1n  &#8211; Garr\u00e9,  Nahuel Alexis &#8211; Ag\u00fcero,  Martin Agustin &#8211; Rementeria,  Juan Manuel &#8211; Torres,  Jonathan Marcelo &#8211; Ag\u00fcero,  Mart\u00edn Hern\u00e1n &#8211;  Calabria,  Patricio Mario &#8211; Longobuco,  Alexis &#8211; Quiroga,  Juan Manuel  &#8211; Milo,  Diego Alejandro &#8211; Santana,  Leonardo Nicol\u00e1s &#8211; Decicco,  Marcelo Alejandro &#8211; Blanco,  Lucas Julian &#8211; Santana,  Cristian Hern\u00e1n &#8211; Quintana,  Pedro Raul &#8211; Piemonte,  Franco Nahuel &#8211;  Martin,  Mariano Gabriel &#8211; Arias,  Alexis &#8211;  Bartolomeo,  Sergio Luis &#8211;  Reyne,  Axel &#8211; Carmargo,  Marcos Eduardo &#8211; Pajon,  Walter &#8211; Torres,  Camilo Agustin &#8211;  Miranda,  Gustavo Gabriel   <\/p>\n<blockquote><p><strong>ATENEO<\/strong><\/p><\/blockquote>\n<p>Arzani , Maximiliano &#8211;  Baiardi, Matias \u2013 Basualdo, Francisco \u2013 Becerra, Maximiliano \u2013 Bertaina, Nicolas \u2013 Conenna, Daniel \u2013 Culicino, Manuel \u2013 Dono, Matias, Filipini, Mauro \u2013 Gimenez, Maximiliano &#8211; G\u00f3mez\tExequiel &#8211;  Gorosito, \tDiego- Lescano, Nestor &#8211; Lopez Piaggio, Franco &#8211;  Nava, Nicolas &#8211;  Otero, Facundo \u2013 Perez, Facundo \u2013 Pucheta, \tAngel Gabriel \u2013 Ramirez, Mat\u00edas \u2013 Siri, Juan \u2013 Zuleta, Carlos<\/p>\n<blockquote><p><strong>ATLETICO MARCOS PAZ<\/strong><\/p><\/blockquote>\n<p>Aquino, Santiago &#8211; Amorena, Federico &#8211; Broggi, Dar\u00edo Sebasti\u00e1n \u2013 Broggi, Mariano Ariel &#8211; Coria, Rub\u00e9n Misael &#8211;  Correa, Diego Alejandro &#8211; Cristaldo, Mauro Alberto &#8211; Rivas Astiz, Mariano  &#8211; Egu\u00eda, Nazareno &#8211; Fern\u00e1ndez, Nahuel Patricio &#8211;  Garitonandia, Fernando andr\u00e9s &#8211; G\u00f3mez, Braian Sa\u00fal &#8211;  Gonz\u00e1lez Guzman, Zacar\u00edas Juan &#8211;  Guallama, Enzo Rodrigo &#8211;  Haedo, Carlos Alejandro &#8211; L\u00f3pez Arias, Iv\u00e1n &#8211;  L\u00f3pez Olivera, Pablo Manuel &#8211;  Lucano, Gast\u00f3n Ezequiel Nicol\u00e1s &#8211;  Madrua, C\u00e9sar Rodrigo &#8211;  Montenegro, Claudio Dami\u00e1n &#8211;  Pereira, Cristian Rolando &#8211;  Ram\u00edrez, Gabriel Nicol\u00e1s &#8211;  Rocha, Alexis Ariel &#8211;  Ru\u00edz, V\u00edctor Miguel &#8211; Sierocki, Marcos Adri\u00e1n<\/p>\n<blockquote><p><strong>COLON DE LUJAN<\/strong><\/p><\/blockquote>\n<p>Alfonzo, Maximiliano Andr\u00e9s &#8211; Alvarez, Jonathan  German &#8211; Alvarez, German Ariel &#8211;  Antunez, Ezequiel Diego &#8211; Bordi, Hugo Daniel &#8211; Cerdeiro, Diego &#8211; Cerisola, Gustavo Daniel &#8211; Espinola, Arnaldo Antonio &#8211; Espinosa, Gonzalo  Ivan &#8211; Garc\u00eda,  Gabriel &#8211; Gonz\u00e1lez, Damian Angel &#8211; Guzm\u00e1n, Marcos Ricardo &#8211; Molina, Jonathan Andr\u00e9s &#8211; L\u00f3pez,  Luciano &#8211; Lusardi, Alfredo Sebasti\u00e1n &#8211; Marrafeiro, Federico Agust\u00edn &#8211;  Mart\u00f1inez, Jonathan Ezequiel &#8211; Masse, Marcos Emmanuel &#8211; Mendoza, V\u00edctor Hugo &#8211;<br \/>\nMoyano, Alan &#8211; Noy, Ivan Marcelo &#8211; Peralta, Jos\u00e9 Oscar &#8211; Rey, Jerem\u00edas -Rose, Emilio Adriano &#8211; R\u00edos, Joaquin Daniel<\/p>\n<blockquote><p><strong>COMUNICACIONES<\/strong><\/p><\/blockquote>\n<p>Brisoliz, David &#8211; Pedrazza, Iv\u00e1n &#8211; Pedrazza, Cristian &#8211; Tapia, Agust\u00edn &#8211; L\u00f3pez, Gustavo &#8211; L\u00f3pez, Jonathan &#8211; Cardoso, Fidel &#8211; Filippini, Sebasti\u00e1n &#8211; Cuello, Jonathan &#8211; Bartolomeo, Jonathan &#8211; Serrano, Elio &#8211; Villagra, Alfredo &#8211; Enriquez, Fernando &#8211; S\u00e1nchez, Diego &#8211; S\u00e1nchez, Mart\u00edn, Borelli, Gast\u00f3n &#8211; Amaya, Federico &#8211; Cousse, Alejandro &#8211; Guzm\u00e1n, Maximiliano &#8211; Colombo, Mat\u00edas &#8211; Mart\u00ednez, Daniel &#8211; Giovagnoli, Jos\u00e9 &#8211; Radivoj, Eloy &#8211; Ferrara, Diego &#8211; Ferreyra, Facundo<\/p>\n<blockquote><p><strong>COSTA BRAVA DE  SUIPACHA<\/strong><\/p><\/blockquote>\n<p>Aguirre, Claudio Alejandro &#8211; Rodriguez,  Jorge Esteban &#8211; Ferrero, Leandro Gabriel &#8211;  Fabrizio,  Jonatan Daniel &#8211; Lopez,  Miguel Angel &#8211;  Noguera, Braian Emmanuel  Rejala, Gabriel Jos\u00e9 &#8211;  Ramirez, Mario Sebastian &#8211; Saucedo,  Anibal Luis &#8211;  Acu\u00f1a, Dami\u00e1n Gabriel &#8211; Kuzli, H\u00e9ctor Benigno &#8211;  Zozzaro, Juan Paulo &#8211; Andrada, Franco Nazareno &#8211; Orcajo, Esteban Oscar &#8211; Martinez, Franco Damian &#8211; Zeballos, Joaquin Adalberto &#8211; Lacasa, Gustavo Alexander &#8211; Urriza,  Leonardo Jesus &#8211; Gallardo, Diego Martin &#8211; Perez, Alejandro Julian &#8211; Leiva, \tGustavo Javier &#8211;  Zambrano, Ezequiel Ivan &#8211; Melo , \tJorge Andres &#8211; Go\u00f1i, Walter.<\/p>\n<blockquote><p><strong>DEFENSORES JUNIORS<\/strong><\/p><\/blockquote>\n<p>Verejao, Gerardo &#8211; Solorzano, Mat\u00edas Juan &#8211; Umbides, Jonathan &#8211; Cardozo, Sergio Andr\u00e9s &#8211; Cirellio, Nicol\u00e1s &#8211; Alcaraz, Ram\u00f3n &#8211; Montenegro, Sergio Emanuel &#8211; Barraza, Leandro &#8211; Baigorria, Facundo &#8211; P\u00e1ez, Alfredo &#8211; Gonz\u00e1lez, Carlos Sebasti\u00e1n &#8211; Barrios, Braian &#8211; Romano, Federico &#8211; Sosa, Eric &#8211; Scioli, Mat\u00edas &#8211; Cisnero, Angel &#8211; Dom\u00ednguez, Jonathan &#8211; Moyano, N\u00e9stor Ariel <\/p>\n<blockquote><p><strong>EL FRONTON DE SAN ANDRES DE GILES<\/strong><\/p><\/blockquote>\n<p>Garcia, Francisco \u2013 Casas, Mateo \u2013 Busca, Daniel \u2013 Bonetti, Martin \u2013 Vivas, Franco &#8211; G\u00f3mez\t, Sergio Daniel \u2013 Lennard, Francisco \u2013 Grosso, Federico \u2013 Guida, Pablo Lucas- Gussoni, Pedro \u2013 Iberbia, Roberto Ezequiel \u2013 Lozano, Gast\u00f3n \u2013 Tallarico, Blas \u2013 Mansilla, Jos\u00e9 \u2013 Medina, Laureano Ezequiel \u2013 Morada, Alejandro Raul \u2013 Paganini, Fabricio Ezequiel \u2013 Paolacci, Matias Miguel \u2013 Roncoroni, Mat\u00edas Pablo \u2013 Santana, Nahuel \u2013 Schefer, Carlos Ernesto \u2013 Soria, Ramiro \u2013 Tamparo, Ezequiel \u2013 Vivas, Franco \u2013 Zapata, Oscar Valent\u00edn<\/p>\n<blockquote><p><strong>EL TIMON DE JAUREGUI<\/strong><\/p><\/blockquote>\n<p>Asensos, Diego \u2013 Ballesteros, Lucas Fabian \u2013 Canosa, Leonel Horacio &#8211; De Diego, Patricio &#8211; Di Blassi, Martin \u2013 Dorado, Federico Alberto \u2013 Krenz,\t Alan Ezequiel \u2013 Lagrecca, Juan Manuel \u2013 Lecce, Nicol\u00e1s Agustin \u2013 L\u00f3pez, Miguel Angel \u2013 L\u00f3pez, Jonatan Miguel Angel \u2013 Medone, Ra\u00fal Sergio Andr\u00e9s \u2013 M\u00f3naco, Martin Horacio \u2013 Nu\u00f1ez, Juan Pablo \u2013 Pitrau, Jorge Ariel \u2013 Rodr\u00edguez, Federico Gabriel \u2013 Rodr\u00edguez, Nicolas Guillermo \u2013 Saavedra, Gustavo Daniel \u2013 Sala, Marcelo Jos\u00e9 \u2013 Sala, Sebastian Ernesto \u2013 Detomasi, Jano Gast\u00f3n &#8211; Garcia Rey, Patricio \u2013 Compagnoni, Julio Cesar \u2013 Giacoia, Agustin \u2013 Mieres, Claudio<\/p>\n<blockquote><p><strong>ESTUDIANTES<\/strong><\/p><\/blockquote>\n<p>Borrasca, Tom\u00e1s \u2013 Duran, Juan \u2013 Cane, Fausto \u2013 Luna, Agustin &#8211; Luna\tJer\u00f3nimo, Lescano, Paulo &#8211;  Paladino, Pablo \u2013 Adorno, Pablo \u2013 Vignau, Leandro \u2013 Garabello, Jorge \u2013 Mosca, Joaquin \u2013 Giacoy, Pablo \u2013 Ledesma, Nicol\u00e1s &#8211; Dell&#8217; Oro, Nicol\u00e1s \u2013 Maldonado, Bruno \u2013 Calder\u00f3n, Angel \u2013 Bassi, Federico  &#8211; Rivera, Adi\u00e1n \u2013 Quevedo, Jorge \u2013 Godoy, Jonathan <\/p>\n<blockquote><p><strong>HOLANDA<\/strong><\/p><\/blockquote>\n<p>Astorga Gavilan, Ricardo &#8211; Barrera, Carlos Alberto &#8211; Barrera, Nicolas Gabriel &#8211;  Benitez, Juan Domingo &#8211; Climi\u00f1o, Gustavo Guillermo &#8211; Deamonti, Juan Marcelo Alejandro &#8211; Espinosa, Ruben Omar &#8211; Maiorana, Diego Alberto &#8211; Maldonado, Leonardo Antonio &#8211; Maldonado, Gabriel Omar &#8211; Mansilla, Nicol\u00e1s Rodolfo &#8211; Molina, Lautaro Daniel &#8211; Monteamore, Patricio Javier &#8211; Mora, Maximiliano &#8211; Moretti, Angel Oscar &#8211; Ortubia, Lucas Martin &#8211; Ruiz Diaz, Mauricio Orlando &#8211; Sotelo, Guillermo Horacio &#8211; Vaca, Santiago Mariano &#8211; Zacarias, Bernardo Ram\u00f3n &#8211; <\/p>\n<blockquote><p><strong>JUVENTUD DE SUIPACHA<\/strong><\/p><\/blockquote>\n<p>Bernal, Vicente &#8211; Calvo, Juan Cruz &#8211; Clarac, Federico &#8211; Correa, Mauro Rene &#8211; Correa, Matias &#8211; Flynn, Ezequiel &#8211; Hernandez, German &#8211; Jauregui, Joaquin &#8211; Lawler, Luis Patricio &#8211; Lobos, Facundo Raul &#8211; Machado, Maximiliano &#8211; Messia, Juan -Minetti, Nicolas &#8211; Rojas, Ezequiel &#8211; S\u00e1nchez, Matias -Tabossi, Felipe &#8211; Vlacholias, Nicolas &#8211; <\/p>\n<blockquote><p><strong>MERCEDES<\/strong><\/p><\/blockquote>\n<p>Barrientos, Cristian Abel Bernardo &#8211; Bisforo, Gustavo &#8211; Bomaggio, Francisco Eduardo &#8211; Borrasca, Nicolas &#8211;  Cabral, Sebastian Alejandro &#8211;  Calabria, Alejandro &#8211;  Contardi, Nicolas &#8211;  Espil, Solano &#8211;  Gatti, Juan Pedro &#8211;  Gatti, Franco &#8211;  Godoy, Gaston &#8211;  Juanicotena, Agustin &#8211;  Larumbe, Juan Francisco &#8211;  Noblea, Ezequiel Aldo &#8211;  Parra, Joaquin &#8211;  Perez, Franco Ezequiel &#8211;  Piccone, Lucas &#8211;  Pineda, Mat\u00edas &#8211; Portesi, Tiago &#8211;  Regueiro, Gabino &#8211;  Selva, Santiago &#8211;  Silea, Matias &#8211;  Souble, Jeremias &#8211; <\/p>\n<blockquote><p><strong>PABELLON ARGENTINO DE MARCOS PAZ<\/strong><\/p><\/blockquote>\n<p>Brasca\tV\u00edctor &#8211; Guarnieri, Nicol\u00e1s &#8211; Lacrouts, Ezequiel &#8211; Gagliardi, Rafael &#8211; Paulerena, Bernardo  &#8211; Figueroa, Helvio &#8211; Vigliarolo, Mauro &#8211; Romero Cahu\u00e9, Maximiliano &#8211; Barandiaran,\tJuan Ignacio &#8211; Castelano, Gonzalo &#8211; Gonzales, Nicol\u00e1s &#8211;<br \/>\nOlivera, Javier &#8211; Paulerena, Juan Angel &#8211; Hourquebie, \tSantiago &#8211; Garnica, Walter &#8211; Gagliardi, Tom\u00e1s &#8211; Gagliardi, Pedro &#8211; Indart, Mart\u00edn &#8211; Romero, Nahuel &#8211; Fern\u00e1ndez, Agust\u00edn &#8211; Tielve, Pablo &#8211; Pareta, juan cruz<\/p>\n<blockquote><p><strong>PALOMETAS FC<\/strong><\/p><\/blockquote>\n<blockquote><p><strong>PE\u00d1A DIEGO MARADONA<\/strong><\/p><\/blockquote>\n<p>Clavero, Ram\u00f3n &#8211;  Chaparro, Sergio &#8211;  Duberti, Gonzalo &#8211;  Geneiro, Diego &#8211;  Duberti, Diego &#8211;  Mainieri, Franco &#8211;  Lenzina, Maximiliano &#8211; Solivella, Jonathan &#8211; Geracitano, Nicolas &#8211; Rodriguez, Sebastian &#8211; Contreras, Jorge &#8211;  Literas, Sebastian &#8211;  Babore, Enzo &#8211; Galindre, Braian &#8211; Acenso, Juan Ignacio &#8211; Atampi, Lucas &#8211; Rios, Agustin &#8211;  Lucero, Juan &#8211;  Gorosito, Pablo &#8211;  Cejas, Gabriel &#8211; Piccone, Gonzalo &#8211; Diaz, Oscar H\u00e9ctor &#8211; Chaparro, Mario &#8211; Diaz, Gerardo<\/p>\n<blockquote><p><strong>QUILMES<\/strong><\/p><\/blockquote>\n<p>Fontana, Pablo &#8211; Carrio, Gabriel &#8211; Cassou, Mat\u00edas &#8211; Pagani, Juan Ignacio &#8211;  Douat, C\u00e9sar &#8211; Farola, Luciano &#8211; Mansilla, Rub\u00e9n &#8211; Atampi, Gonzalo &#8211; Montenegro, Jorge &#8211; Denis, Nelson &#8211; Carretero, Mariano &#8211; Pacheco, Carlos &#8211; Fernandez, Mat\u00edas -Apariente, Luciano &#8211; Loza, Nicol\u00e1s &#8211; Villone, Mariano &#8211; Cardozo, Alejandro &#8211; Ramos, Ezequiel &#8211; Lofreda, Lucas &#8211; Nocetti, Lucas<\/p>\n<blockquote><p><strong>TROCHA<\/strong><\/p><\/blockquote>\n<p>Grosso\t, federico Santiago &#8211; Quiroga, Facundo Hern\u00e1n &#8211;  Ramos, Mariano Gast\u00f3n &#8211; Malano, Federico  &#8211; Malano, Agustin &#8211; Lazarte, Nery Ariel &#8211;  Galassi, Agustin Alfredo &#8211; Velazquez, Emanuel &#8211; Gonzalez, Marcelo Hern\u00e1n &#8211;  Mu\u00f1oz, Daniel Alberto &#8211;  Jaime, Gonzalo Emanuel &#8211; Mangoni, Nicolas Esteban &#8211; Pulido, Julio Miguel &#8211; Carrera, Alejandro Osmar &#8211; Lecouna, Santiago Nahuel &#8211; Bonamino, Solano &#8211; Padula, Nicolas Ezequiel &#8211; Padula, Julian &#8211; Casco, Sebastian Mario &#8211; Rosales, Javier Nicolas &#8211; Ramos, Mario Ezequiel &#8211; Parra, Mauricio Andres &#8211; Montuori, Juan Pablo &#8211;  Bavastro, Francisco Javier &#8211; <\/p>\n<blockquote><p><strong>UNION <\/strong><\/p><\/blockquote>\n<blockquote><p><strong>VELEZ<\/strong><\/p><\/blockquote>\n<p>Ramirez, Mat\u00edas &#8211;<br \/>\nGonz\u00e1lez,  Santiago &#8211;  Alderete, Federico &#8211;  Aquino, Rodolfo &#8211;  Alfonso, Lucas &#8211;  Ballesteros, Facundo &#8211;  Lettieri, Maximiliano &#8211;<br \/>\nL\u00f3pez, Franco &#8211;  Giacoy, Luis &#8211; G\u00f3mez, Juan &#8211; Maldonado, Miguel &#8211; D\u00edaz, Nicolas &#8211; Lescano, Ivan &#8211; Veron, Lucas &#8211; Jara, Daniel &#8211;<br \/>\nCousse, Carlos &#8211; Castro, Pablo &#8211; Coletta, Lucas &#8211; Barboza, Lucas &#8211; Moyano, Brian &#8211; Cod\u00f3n, Gerardo &#8211; <\/p>\n","protected":false},"excerpt":{"rendered":"<p>Se van publicadas las listas presentadas por los clubes afiliadas de cara a la presente temporada. Desde la comisi\u00f3n adelantaron que las mismas est\u00e1n sujetas a revisi\u00f3n, y se ir\u00e1n brindando pedidos de correcciones. AMEFIP Bartolomeo, Jorge Adri\u00e1n &#8211; Garr\u00e9, Nahuel Alexis &#8211; Ag\u00fcero, Martin Agustin &#8211; Rementeria, Juan Manuel &#8211; Torres, Jonathan Marcelo &#8211; Ag\u00fcero, Mart\u00edn Hern\u00e1n &#8211; Calabria,<\/p>\n","protected":false},"author":2,"featured_media":0,"comment_status":"open","ping_status":"open","sticky":false,"template":"","format":"standard","meta":{"footnotes":""},"categories":[4],"tags":[],"class_list":["post-21631","post","type-post","status-publish","format-standard","hentry","category-informaciongeneral"],"_links":{"self":[{"href":"https:\/\/ligamercedina.com\/web\/wp-json\/wp\/v2\/posts\/21631","targetHints":{"allow":["GET"]}}],"collection":[{"href":"https:\/\/ligamercedina.com\/web\/wp-json\/wp\/v2\/posts"}],"about":[{"href":"https:\/\/ligamercedina.com\/web\/wp-json\/wp\/v2\/types\/post"}],"author":[{"embeddable":true,"href":"https:\/\/ligamercedina.com\/web\/wp-json\/wp\/v2\/users\/2"}],"replies":[{"embeddable":true,"href":"https:\/\/ligamercedina.com\/web\/wp-json\/wp\/v2\/comments?post=21631"}],"version-history":[{"count":9,"href":"https:\/\/ligamercedina.com\/web\/wp-json\/wp\/v2\/posts\/21631\/revisions"}],"predecessor-version":[{"id":21677,"href":"https:\/\/ligamercedina.com\/web\/wp-json\/wp\/v2\/posts\/21631\/revisions\/21677"}],"wp:attachment":[{"href":"https:\/\/ligamercedina.com\/web\/wp-json\/wp\/v2\/media?parent=21631"}],"wp:term":[{"taxonomy":"category","embeddable":true,"href":"https:\/\/ligamercedina.com\/web\/wp-json\/wp\/v2\/categories?post=21631"},{"taxonomy":"post_tag","embeddable":true,"href":"https:\/\/ligamercedina.com\/web\/wp-json\/wp\/v2\/tags?post=21631"}],"curies":[{"name":"wp","href":"https:\/\/api.w.org\/{rel}","templated":true}]}}